{"id":2800,"date":"2025-12-07T16:48:12","date_gmt":"2025-12-07T14:48:12","guid":{"rendered":"https:\/\/swisttal-quesnoy.de\/?p=2800"},"modified":"2025-12-07T17:58:20","modified_gmt":"2025-12-07T15:58:20","slug":"einladung-zum-franzoesischen-nationalfeiertag","status":"publish","type":"post","link":"https:\/\/swisttal-quesnoy.de\/?p=2800","title":{"rendered":"Einladung zum Franz\u00f6sischen Nationalfeiertag"},"content":{"rendered":"\n<p>Zum ersten Mal waren wir au\u00dfer der Reihe (d.h. der \u00fcblichen &#8222;offiziellen&#8220; Besuche) eingeladen zum Nationalfeiertag in die Partnerstadt.\u00a0Das lie\u00df sich eine kleine Delegation nicht nehmen, zumal schon am Vorabend die K\u00f6lsche Mundartband &#8222;de Fl\u00f6nz&#8220; von unserem Vereinsmitglied\u00a0Gerhard Linten die B\u00fchne rockte. Und es war &#8211; weil zu Sommerferienbeginn &#8211; auch die M\u00f6glichkeit, die 12 j\u00e4hrige\u00a0Lena mitzunehmen, die auf eigenen Wunsch alleine in einer franz\u00f6sischen Familie \u00fcbernachtete. <\/p>\n\n\n\n<p>Man sieht: Es hat auch der Jugend Spa\u00df gemacht!<\/p>\n","protected":false},"excerpt":{"rendered":"<p>Zum ersten Mal waren wir au\u00dfer der Reihe (d.h. der \u00fcblichen &#8222;offiziellen&#8220; Besuche) eingeladen zum Nationalfeiertag in die Partnerstadt.\u00a0Das lie\u00df sich eine kleine Delegation nicht nehmen, zumal schon am Vorabend die K\u00f6lsche Mundartband &#8222;de Fl\u00f6nz&#8220; von unserem Vereinsmitglied\u00a0Gerhard Linten die B\u00fchne rockte. Und es war &#8211; weil zu Sommerferienbeginn &#8211; auch die M\u00f6glichkeit, die 12 [&hellip;]<\/p>\n","protected":false},"author":3,"featured_media":2820,"comment_status":"open","ping_status":"open","sticky":false,"template":"","format":"standard","meta":{"footnotes":""},"categories":[1],"tags":[],"class_list":["post-2800","post","type-post","status-publish","format-standard","has-post-thumbnail","hentry","category-allgemein"],"_links":{"self":[{"href":"https:\/\/swisttal-quesnoy.de\/index.php?rest_route=\/wp\/v2\/posts\/2800","targetHints":{"allow":["GET"]}}],"collection":[{"href":"https:\/\/swisttal-quesnoy.de\/index.php?rest_route=\/wp\/v2\/posts"}],"about":[{"href":"https:\/\/swisttal-quesnoy.de\/index.php?rest_route=\/wp\/v2\/types\/post"}],"author":[{"embeddable":true,"href":"https:\/\/swisttal-quesnoy.de\/index.php?rest_route=\/wp\/v2\/users\/3"}],"replies":[{"embeddable":true,"href":"https:\/\/swisttal-quesnoy.de\/index.php?rest_route=%2Fwp%2Fv2%2Fcomments&post=2800"}],"version-history":[{"count":1,"href":"https:\/\/swisttal-quesnoy.de\/index.php?rest_route=\/wp\/v2\/posts\/2800\/revisions"}],"predecessor-version":[{"id":2802,"href":"https:\/\/swisttal-quesnoy.de\/index.php?rest_route=\/wp\/v2\/posts\/2800\/revisions\/2802"}],"wp:featuredmedia":[{"embeddable":true,"href":"https:\/\/swisttal-quesnoy.de\/index.php?rest_route=\/wp\/v2\/media\/2820"}],"wp:attachment":[{"href":"https:\/\/swisttal-quesnoy.de\/index.php?rest_route=%2Fwp%2Fv2%2Fmedia&parent=2800"}],"wp:term":[{"taxonomy":"category","embeddable":true,"href":"https:\/\/swisttal-quesnoy.de\/index.php?rest_route=%2Fwp%2Fv2%2Fcategories&post=2800"},{"taxonomy":"post_tag","embeddable":true,"href":"https:\/\/swisttal-quesnoy.de\/index.php?rest_route=%2Fwp%2Fv2%2Ftags&post=2800"}],"curies":[{"name":"wp","href":"https:\/\/api.w.org\/{rel}","templated":true}]}}