{"id":2363,"date":"2024-01-17T09:23:00","date_gmt":"2024-01-17T07:23:00","guid":{"rendered":"http:\/\/swisttal-quesnoy.de\/?p=2363"},"modified":"2024-01-17T09:23:02","modified_gmt":"2024-01-17T07:23:02","slug":"terminaenderung-jour-fixe-und-fahrt-nach-quesnoy","status":"publish","type":"post","link":"https:\/\/swisttal-quesnoy.de\/?p=2363","title":{"rendered":"Termin\u00e4nderung Jour Fixe und Fahrt nach Quesnoy"},"content":{"rendered":"\n<p>Liebe Mitglieder und Frankreichfreunde,<\/p>\n\n\n\n<p>sicher haben Sie die Termine des Partnerschaftsvereins schon in Ihre Kalender eingetragen und sich dabei gewundert \u00fcber die Datierung des n\u00e4chsten Jour Fixe?&nbsp;<br>Sorry, NEIN, ich wollte den Jour Fixe nicht wirklich am Weiberdonnerstag ansetzen. Das war mein Fehler, den ich dahingehend korrigieren m\u00f6chte, dass ich<\/p>\n\n\n\n<p class=\"has-text-align-center\"><strong>zum 22.2.2024<\/strong><\/p>\n\n\n\n<p class=\"has-text-align-center\"><strong>zum Jour Fixe bei Belderbusch, Miel<\/strong>\u00a0einlade.<\/p>\n\n\n\n<p>Dabei m\u00f6chte ich mit Ihnen die&nbsp;<strong>Fahrt nach Quesnoy am 9. und 10. M\u00e4rz<\/strong>&nbsp;vorbereiten mit dem zweiten Teil der Kunstausstellung \u201eLiaisons\u201c.<\/p>\n\n\n\n<p>Es sieht so aus, als ob wir nur mit einer kleinen Gruppe fahren werden, da bisher nur sehr wenige Anmeldungen eingingen.&nbsp;<br><\/p>\n\n\n\n<p>\uf0e0&nbsp;BITTE lassen Sie mich schnell wissen, ob Sie mitfahren m\u00f6chten oder nicht, damit wir und unsere franz\u00f6sischen Freunde planen k\u00f6nnen. (Termin: Ende Januar 24)<\/p>\n\n\n\n<p>&nbsp;\uf0e0&nbsp;Bitte fragen Sie, sofern Sie normalerweise schon eine \u201eStamm-Gastgeberfamilie\u201c in Quesnoy haben, Ihre franz\u00f6sischen Freunde, ob sie Sie wieder beherbergen k\u00f6nnen. Und falls Sie selbst diesmal nicht mitkommen m\u00f6chten oder k\u00f6nnen, ob sie ggfs&nbsp;&nbsp;bereit sind, auch neu mit reisende K\u00fcnstlerInnen aufzunehmen.&nbsp;<\/p>\n\n\n\n<p>Wir vom Vorstand freuen uns auf die Begegnung mit unseren franz\u00f6sischen Freunden im M\u00e4rz und mit Ihnen am 22. Februar.<br>Bis dahin kommen Sie gut durch die 5. Jahreszeit!<br>Ihre<\/p>\n\n\n\n<p>Monika Wolf-Umhauer<\/p>\n","protected":false},"excerpt":{"rendered":"<p>Liebe Mitglieder und Frankreichfreunde, sicher haben Sie die Termine des Partnerschaftsvereins schon in Ihre Kalender eingetragen und sich dabei gewundert \u00fcber die Datierung des n\u00e4chsten Jour Fixe?&nbsp;Sorry, NEIN, ich wollte den Jour Fixe nicht wirklich am Weiberdonnerstag ansetzen. Das war mein Fehler, den ich dahingehend korrigieren m\u00f6chte, dass ich zum 22.2.2024 zum Jour Fixe bei [&hellip;]<\/p>\n","protected":false},"author":1,"featured_media":0,"comment_status":"open","ping_status":"open","sticky":false,"template":"","format":"standard","meta":{"footnotes":""},"categories":[1],"tags":[],"class_list":["post-2363","post","type-post","status-publish","format-standard","hentry","category-allgemein"],"_links":{"self":[{"href":"https:\/\/swisttal-quesnoy.de\/index.php?rest_route=\/wp\/v2\/posts\/2363","targetHints":{"allow":["GET"]}}],"collection":[{"href":"https:\/\/swisttal-quesnoy.de\/index.php?rest_route=\/wp\/v2\/posts"}],"about":[{"href":"https:\/\/swisttal-quesnoy.de\/index.php?rest_route=\/wp\/v2\/types\/post"}],"author":[{"embeddable":true,"href":"https:\/\/swisttal-quesnoy.de\/index.php?rest_route=\/wp\/v2\/users\/1"}],"replies":[{"embeddable":true,"href":"https:\/\/swisttal-quesnoy.de\/index.php?rest_route=%2Fwp%2Fv2%2Fcomments&post=2363"}],"version-history":[{"count":1,"href":"https:\/\/swisttal-quesnoy.de\/index.php?rest_route=\/wp\/v2\/posts\/2363\/revisions"}],"predecessor-version":[{"id":2365,"href":"https:\/\/swisttal-quesnoy.de\/index.php?rest_route=\/wp\/v2\/posts\/2363\/revisions\/2365"}],"wp:attachment":[{"href":"https:\/\/swisttal-quesnoy.de\/index.php?rest_route=%2Fwp%2Fv2%2Fmedia&parent=2363"}],"wp:term":[{"taxonomy":"category","embeddable":true,"href":"https:\/\/swisttal-quesnoy.de\/index.php?rest_route=%2Fwp%2Fv2%2Fcategories&post=2363"},{"taxonomy":"post_tag","embeddable":true,"href":"https:\/\/swisttal-quesnoy.de\/index.php?rest_route=%2Fwp%2Fv2%2Ftags&post=2363"}],"curies":[{"name":"wp","href":"https:\/\/api.w.org\/{rel}","templated":true}]}}