{"id":2360,"date":"2024-01-06T00:01:27","date_gmt":"2024-01-05T22:01:27","guid":{"rendered":"http:\/\/swisttal-quesnoy.de\/?p=2360"},"modified":"2024-01-06T00:01:29","modified_gmt":"2024-01-05T22:01:29","slug":"2-teil-der-ausstellung-liaisons-im-maerz-24","status":"publish","type":"post","link":"https:\/\/swisttal-quesnoy.de\/?p=2360","title":{"rendered":"2. Teil der Ausstellung &#8222;Liaisons&#8220; im M\u00e4rz 24\u00a0"},"content":{"rendered":"\n<p>Liebe Mitglieder und Freunde,<br>nun ist das neue Jahr hoffentlich f\u00fcr alle gut gestartet, und ich m\u00f6chte allen im Namen des&nbsp;Vorstandes ein gl\u00fcckliches, gesundes und zufriedenes Jahr 2024 w\u00fcnschen. M\u00f6gen&nbsp;alle Ihre\/Eure pers\u00f6nlichen W\u00fcnsche in Erf\u00fcllung gehen!<\/p>\n\n\n\n<p>Eines der Ziele in der St\u00e4dtepartnerschaft f\u00fcr das Jahr 2024 geht schon bald in Erf\u00fcllung:<br>&nbsp;<\/p>\n\n\n\n<p>Wie im Herbst \u00fcberlegt, soll der zweite Teil unserer&nbsp;<\/p>\n\n\n\n<p class=\"has-text-align-center\"><strong>deutsch-franz\u00f6sischen Kunstausstellung<\/strong>&nbsp;<\/p>\n\n\n\n<p class=\"has-text-align-center\"><strong>\u201eLiaisons &#8211; Verbindungen\u201c<\/strong>&nbsp;<\/p>\n\n\n\n<p class=\"has-text-align-center\"><strong>am 9. und 10. M\u00e4rz 2024<\/strong>&nbsp;<strong>in Quesnoy<\/strong>&nbsp;<\/p>\n\n\n\n<p>er\u00f6ffnet werden. Die ersten R\u00fcckmeldungen&nbsp;der&nbsp;\u201eAmis de Swisttal\u201c liegen nun vor.<\/p>\n\n\n\n<p>Das hei\u00dft f\u00fcr uns:<br>&nbsp;&nbsp;<\/p>\n\n\n\n<p>&#8211;&nbsp;&nbsp;&nbsp;&nbsp;&nbsp;&nbsp;&nbsp;Ab sofort nehme ich Anmeldungen f\u00fcr die Reise nach Quesnoy entgegen! (Dies gilt f\u00fcr K\u00fcnstlerInnen und Mitglieder gleicherma\u00dfen!&nbsp;<em>(Erst, wenn wir die genaue Teilnehmerzahl kennen, k\u00f6nnen wir auch das Transportmittel w\u00e4hlen und weitere Details planen)<\/em><\/p>\n\n\n\n<p>&#8211;&nbsp;&nbsp;&nbsp;&nbsp;&nbsp;&nbsp;&nbsp;F\u00fcr Ende Februar\/Anfang M\u00e4rz m\u00fcssen die Kunstwerke wieder im Rathaus angeliefert werden&nbsp;<em>(genaue Termine nach pers\u00f6nlicher Absprache)<\/em>.<\/p>\n\n\n\n<p>Wir freuen uns auf die Fortsetzung \u201eunseres Gro\u00dfprojektes\u201c, der binationalen Kunstausstellung&nbsp;<\/p>\n\n\n\n<p>und auf Ihre Anmeldung unter&nbsp;<a href=\"mailto:kontakt@swisttal-quesnoy.de\">kontakt@swisttal-quesnoy.de<\/a>&nbsp;&nbsp;!<\/p>\n","protected":false},"excerpt":{"rendered":"<p>Liebe Mitglieder und Freunde,nun ist das neue Jahr hoffentlich f\u00fcr alle gut gestartet, und ich m\u00f6chte allen im Namen des&nbsp;Vorstandes ein gl\u00fcckliches, gesundes und zufriedenes Jahr 2024 w\u00fcnschen. M\u00f6gen&nbsp;alle Ihre\/Eure pers\u00f6nlichen W\u00fcnsche in Erf\u00fcllung gehen! Eines der Ziele in der St\u00e4dtepartnerschaft f\u00fcr das Jahr 2024 geht schon bald in Erf\u00fcllung:&nbsp; Wie im Herbst \u00fcberlegt, soll [&hellip;]<\/p>\n","protected":false},"author":1,"featured_media":0,"comment_status":"open","ping_status":"open","sticky":false,"template":"","format":"standard","meta":{"footnotes":""},"categories":[1],"tags":[],"class_list":["post-2360","post","type-post","status-publish","format-standard","hentry","category-allgemein"],"_links":{"self":[{"href":"https:\/\/swisttal-quesnoy.de\/index.php?rest_route=\/wp\/v2\/posts\/2360","targetHints":{"allow":["GET"]}}],"collection":[{"href":"https:\/\/swisttal-quesnoy.de\/index.php?rest_route=\/wp\/v2\/posts"}],"about":[{"href":"https:\/\/swisttal-quesnoy.de\/index.php?rest_route=\/wp\/v2\/types\/post"}],"author":[{"embeddable":true,"href":"https:\/\/swisttal-quesnoy.de\/index.php?rest_route=\/wp\/v2\/users\/1"}],"replies":[{"embeddable":true,"href":"https:\/\/swisttal-quesnoy.de\/index.php?rest_route=%2Fwp%2Fv2%2Fcomments&post=2360"}],"version-history":[{"count":1,"href":"https:\/\/swisttal-quesnoy.de\/index.php?rest_route=\/wp\/v2\/posts\/2360\/revisions"}],"predecessor-version":[{"id":2362,"href":"https:\/\/swisttal-quesnoy.de\/index.php?rest_route=\/wp\/v2\/posts\/2360\/revisions\/2362"}],"wp:attachment":[{"href":"https:\/\/swisttal-quesnoy.de\/index.php?rest_route=%2Fwp%2Fv2%2Fmedia&parent=2360"}],"wp:term":[{"taxonomy":"category","embeddable":true,"href":"https:\/\/swisttal-quesnoy.de\/index.php?rest_route=%2Fwp%2Fv2%2Fcategories&post=2360"},{"taxonomy":"post_tag","embeddable":true,"href":"https:\/\/swisttal-quesnoy.de\/index.php?rest_route=%2Fwp%2Fv2%2Ftags&post=2360"}],"curies":[{"name":"wp","href":"https:\/\/api.w.org\/{rel}","templated":true}]}}