{"id":2339,"date":"2023-11-13T23:14:16","date_gmt":"2023-11-13T21:14:16","guid":{"rendered":"http:\/\/swisttal-quesnoy.de\/?p=2339"},"modified":"2023-11-14T09:52:39","modified_gmt":"2023-11-14T07:52:39","slug":"besuchererfolg-bei-ausstellung-im-rathaus","status":"publish","type":"post","link":"https:\/\/swisttal-quesnoy.de\/?p=2339","title":{"rendered":"Besuchererfolg bei Ausstellung im Rathaus"},"content":{"rendered":"\n<h2 class=\"wp-block-heading\"><strong>im M\u00e4rz 2024 geht die Liaisons-Ausstellung nach Frankreich&nbsp;<\/strong><\/h2>\n\n\n\n<p>Die W\u00e4nde im Rathausflur sind wieder kahl, die Ausstellung \u201eLiaisons\u201c ist Geschichte. Der Partnerschaftsverein Swisttal-Quesnoy hatte eine gemeinsame \u201edeutsch-franz\u00f6sische Kunstaustellung\u201c unter dem Thema \u201eVerbindungen\u201c initiiert, an der sich ausschlie\u00dflich Kunstschaffende aus Swisttal und der Partnerstadt Quesnoy-sur-De\u00fble beteiligen durften.<\/p>\n\n\n\n<p>In einer kleinen Finissage, zu der sich auch die B\u00fcrgermeisterin gesellte, lie\u00dfen die Swisttaler K\u00fcnstlerinnen und K\u00fcnstler nun zusammen ihre Eindr\u00fccke noch einmal Revue passieren. Die vielen Besucher bei der Vernissage und auch bei einer zweiten Einf\u00fchrung durch den Kunsthistoriker und K\u00fcnstler Dr. Carl K\u00f6rner hatten es angedeutet, dass das Publikumsinteresse gro\u00df ist. So gro\u00df, dass die \u00d6ffnungszeit schon gleich zu Beginn auf vier Wochen verl\u00e4ngert wurde. Die teilnehmenden Kunstschaffenden, die sich vorher kaum kannten, waren sich einig: \u201eEs war eine sch\u00f6ne Gelegenheit, einmal in v\u00f6llig neuem Rahmen die Werke gemeinsam zu pr\u00e4sentieren.\u201c Auch B\u00fcrgermeisterin Petra Kalkbrenner berichtete von der positiven Ausstrahlung der Kunstwerke im Haus: \u201eEinige der B\u00fcrgerinnen und B\u00fcrger, die eigentlich \u201enur\u201c ins B\u00fcrgerb\u00fcro wollten, kamen sogar noch einmal wieder, um die Ausstellung ganz und in Ruhe anzuschauen.\u201c<br>Neben verschiedenen Ideen zur F\u00f6rderung der Kunst allgemein und im \u00f6ffentlichen Raum kam auch bald die Frage auf, ob und wann vielleicht erneut eine solche Gemeinschaftsausstellung wiederholt werden k\u00f6nnte?&nbsp;<\/p>\n\n\n\n<p>Doch zuerst einmal werden die Kunstwerke in die Partnerstadt wandern. Wie die Vorsitzende des Partnerschaftsvereins, Monika Wolf-Umhauer, mitteilte, soll die \u201eLiaisons-Ausstellung\u201c am 9. M\u00e4rz 2024 in Quesnoy-sur-De\u00fble er\u00f6ffnet werden. Alle K\u00fcnstlerInnen sind eingeladen, mit nach Frankreich zu fahren.<br>Auch interessierte Swisttaler k\u00f6nnen sich unter&nbsp;<a href=\"mailto:kontakt@swisttal-quesnoy.de\">kontakt@swisttal-quesnoy.de<\/a>&nbsp;zur Fahrt anmelden bzw. auf der Homepage&nbsp;<a href=\"http:\/\/www.swisttall-quesnoy.de\/\">www.swisttall-quesnoy.de<\/a>&nbsp;informieren.<\/p>\n\n\n\n<figure class=\"wp-block-gallery has-nested-images columns-default is-cropped wp-block-gallery-1 is-layout-flex wp-block-gallery-is-layout-flex\">\n<figure class=\"wp-block-image size-large\"><a href=\"http:\/\/swisttal-quesnoy.de\/wp-content\/uploads\/2023\/11\/20231109_Fin-m-Kalkbrenner--scaled.jpg\"><img loading=\"lazy\" decoding=\"async\" width=\"1024\" height=\"716\" data-id=\"2341\" src=\"http:\/\/swisttal-quesnoy.de\/wp-content\/uploads\/2023\/11\/20231109_Fin-m-Kalkbrenner--1024x716.jpg\" alt=\"\" class=\"wp-image-2341\" srcset=\"https:\/\/swisttal-quesnoy.de\/wp-content\/uploads\/2023\/11\/20231109_Fin-m-Kalkbrenner--1024x716.jpg 1024w, https:\/\/swisttal-quesnoy.de\/wp-content\/uploads\/2023\/11\/20231109_Fin-m-Kalkbrenner--300x210.jpg 300w, https:\/\/swisttal-quesnoy.de\/wp-content\/uploads\/2023\/11\/20231109_Fin-m-Kalkbrenner--768x537.jpg 768w, https:\/\/swisttal-quesnoy.de\/wp-content\/uploads\/2023\/11\/20231109_Fin-m-Kalkbrenner--1536x1074.jpg 1536w, https:\/\/swisttal-quesnoy.de\/wp-content\/uploads\/2023\/11\/20231109_Fin-m-Kalkbrenner--2048x1433.jpg 2048w, https:\/\/swisttal-quesnoy.de\/wp-content\/uploads\/2023\/11\/20231109_Fin-m-Kalkbrenner--624x437.jpg 624w\" sizes=\"auto, (max-width: 1024px) 100vw, 1024px\" \/><\/a><\/figure>\n\n\n\n<figure class=\"wp-block-image size-large\"><a href=\"http:\/\/swisttal-quesnoy.de\/wp-content\/uploads\/2023\/11\/20231109_Finissage-scaled.jpg\"><img loading=\"lazy\" decoding=\"async\" width=\"1024\" height=\"648\" data-id=\"2343\" src=\"http:\/\/swisttal-quesnoy.de\/wp-content\/uploads\/2023\/11\/20231109_Finissage-1024x648.jpg\" alt=\"\" class=\"wp-image-2343\" srcset=\"https:\/\/swisttal-quesnoy.de\/wp-content\/uploads\/2023\/11\/20231109_Finissage-1024x648.jpg 1024w, https:\/\/swisttal-quesnoy.de\/wp-content\/uploads\/2023\/11\/20231109_Finissage-300x190.jpg 300w, https:\/\/swisttal-quesnoy.de\/wp-content\/uploads\/2023\/11\/20231109_Finissage-768x486.jpg 768w, https:\/\/swisttal-quesnoy.de\/wp-content\/uploads\/2023\/11\/20231109_Finissage-1536x971.jpg 1536w, https:\/\/swisttal-quesnoy.de\/wp-content\/uploads\/2023\/11\/20231109_Finissage-2048x1295.jpg 2048w, https:\/\/swisttal-quesnoy.de\/wp-content\/uploads\/2023\/11\/20231109_Finissage-624x395.jpg 624w\" sizes=\"auto, (max-width: 1024px) 100vw, 1024px\" \/><\/a><\/figure>\n\n\n\n<figure class=\"wp-block-image size-large\"><a href=\"http:\/\/swisttal-quesnoy.de\/wp-content\/uploads\/2023\/11\/20230928_Bunter-Rathausflur-scaled.jpg\"><img loading=\"lazy\" decoding=\"async\" width=\"1024\" height=\"727\" data-id=\"2342\" src=\"http:\/\/swisttal-quesnoy.de\/wp-content\/uploads\/2023\/11\/20230928_Bunter-Rathausflur-1024x727.jpg\" alt=\"\" class=\"wp-image-2342\" srcset=\"https:\/\/swisttal-quesnoy.de\/wp-content\/uploads\/2023\/11\/20230928_Bunter-Rathausflur-1024x727.jpg 1024w, https:\/\/swisttal-quesnoy.de\/wp-content\/uploads\/2023\/11\/20230928_Bunter-Rathausflur-300x213.jpg 300w, https:\/\/swisttal-quesnoy.de\/wp-content\/uploads\/2023\/11\/20230928_Bunter-Rathausflur-768x545.jpg 768w, https:\/\/swisttal-quesnoy.de\/wp-content\/uploads\/2023\/11\/20230928_Bunter-Rathausflur-1536x1091.jpg 1536w, https:\/\/swisttal-quesnoy.de\/wp-content\/uploads\/2023\/11\/20230928_Bunter-Rathausflur-2048x1454.jpg 2048w, https:\/\/swisttal-quesnoy.de\/wp-content\/uploads\/2023\/11\/20230928_Bunter-Rathausflur-624x443.jpg 624w\" sizes=\"auto, (max-width: 1024px) 100vw, 1024px\" \/><\/a><\/figure>\n\n\n\n<figure class=\"wp-block-image size-large\"><a href=\"http:\/\/swisttal-quesnoy.de\/wp-content\/uploads\/2023\/11\/20230928_Ratssaal-scaled.jpg\"><img loading=\"lazy\" decoding=\"async\" width=\"1024\" height=\"763\" data-id=\"2344\" src=\"http:\/\/swisttal-quesnoy.de\/wp-content\/uploads\/2023\/11\/20230928_Ratssaal-1024x763.jpg\" alt=\"\" class=\"wp-image-2344\" srcset=\"https:\/\/swisttal-quesnoy.de\/wp-content\/uploads\/2023\/11\/20230928_Ratssaal-1024x763.jpg 1024w, https:\/\/swisttal-quesnoy.de\/wp-content\/uploads\/2023\/11\/20230928_Ratssaal-300x224.jpg 300w, https:\/\/swisttal-quesnoy.de\/wp-content\/uploads\/2023\/11\/20230928_Ratssaal-768x573.jpg 768w, https:\/\/swisttal-quesnoy.de\/wp-content\/uploads\/2023\/11\/20230928_Ratssaal-1536x1145.jpg 1536w, https:\/\/swisttal-quesnoy.de\/wp-content\/uploads\/2023\/11\/20230928_Ratssaal-2048x1527.jpg 2048w, https:\/\/swisttal-quesnoy.de\/wp-content\/uploads\/2023\/11\/20230928_Ratssaal-624x465.jpg 624w\" sizes=\"auto, (max-width: 1024px) 100vw, 1024px\" \/><\/a><\/figure>\n\n\n\n<figure class=\"wp-block-image size-large\"><a href=\"http:\/\/swisttal-quesnoy.de\/wp-content\/uploads\/2023\/11\/20231113-Finissage-froehlicher-Abschluss-scaled.jpg\"><img loading=\"lazy\" decoding=\"async\" width=\"1024\" height=\"389\" data-id=\"2350\" src=\"http:\/\/swisttal-quesnoy.de\/wp-content\/uploads\/2023\/11\/20231113-Finissage-froehlicher-Abschluss-1024x389.jpg\" alt=\"\" class=\"wp-image-2350\" srcset=\"https:\/\/swisttal-quesnoy.de\/wp-content\/uploads\/2023\/11\/20231113-Finissage-froehlicher-Abschluss-1024x389.jpg 1024w, https:\/\/swisttal-quesnoy.de\/wp-content\/uploads\/2023\/11\/20231113-Finissage-froehlicher-Abschluss-300x114.jpg 300w, https:\/\/swisttal-quesnoy.de\/wp-content\/uploads\/2023\/11\/20231113-Finissage-froehlicher-Abschluss-768x292.jpg 768w, https:\/\/swisttal-quesnoy.de\/wp-content\/uploads\/2023\/11\/20231113-Finissage-froehlicher-Abschluss-1536x584.jpg 1536w, https:\/\/swisttal-quesnoy.de\/wp-content\/uploads\/2023\/11\/20231113-Finissage-froehlicher-Abschluss-2048x778.jpg 2048w, https:\/\/swisttal-quesnoy.de\/wp-content\/uploads\/2023\/11\/20231113-Finissage-froehlicher-Abschluss-624x237.jpg 624w\" sizes=\"auto, (max-width: 1024px) 100vw, 1024px\" \/><\/a><\/figure>\n<\/figure>\n","protected":false},"excerpt":{"rendered":"<p>im M\u00e4rz 2024 geht die Liaisons-Ausstellung nach Frankreich&nbsp; Die W\u00e4nde im Rathausflur sind wieder kahl, die Ausstellung \u201eLiaisons\u201c ist Geschichte. Der Partnerschaftsverein Swisttal-Quesnoy hatte eine gemeinsame \u201edeutsch-franz\u00f6sische Kunstaustellung\u201c unter dem Thema \u201eVerbindungen\u201c initiiert, an der sich ausschlie\u00dflich Kunstschaffende aus Swisttal und der Partnerstadt Quesnoy-sur-De\u00fble beteiligen durften. In einer kleinen Finissage, zu der sich auch die [&hellip;]<\/p>\n","protected":false},"author":1,"featured_media":0,"comment_status":"open","ping_status":"open","sticky":false,"template":"","format":"standard","meta":{"footnotes":""},"categories":[2],"tags":[],"class_list":["post-2339","post","type-post","status-publish","format-standard","hentry","category-aktivitaeten"],"_links":{"self":[{"href":"https:\/\/swisttal-quesnoy.de\/index.php?rest_route=\/wp\/v2\/posts\/2339","targetHints":{"allow":["GET"]}}],"collection":[{"href":"https:\/\/swisttal-quesnoy.de\/index.php?rest_route=\/wp\/v2\/posts"}],"about":[{"href":"https:\/\/swisttal-quesnoy.de\/index.php?rest_route=\/wp\/v2\/types\/post"}],"author":[{"embeddable":true,"href":"https:\/\/swisttal-quesnoy.de\/index.php?rest_route=\/wp\/v2\/users\/1"}],"replies":[{"embeddable":true,"href":"https:\/\/swisttal-quesnoy.de\/index.php?rest_route=%2Fwp%2Fv2%2Fcomments&post=2339"}],"version-history":[{"count":2,"href":"https:\/\/swisttal-quesnoy.de\/index.php?rest_route=\/wp\/v2\/posts\/2339\/revisions"}],"predecessor-version":[{"id":2351,"href":"https:\/\/swisttal-quesnoy.de\/index.php?rest_route=\/wp\/v2\/posts\/2339\/revisions\/2351"}],"wp:attachment":[{"href":"https:\/\/swisttal-quesnoy.de\/index.php?rest_route=%2Fwp%2Fv2%2Fmedia&parent=2339"}],"wp:term":[{"taxonomy":"category","embeddable":true,"href":"https:\/\/swisttal-quesnoy.de\/index.php?rest_route=%2Fwp%2Fv2%2Fcategories&post=2339"},{"taxonomy":"post_tag","embeddable":true,"href":"https:\/\/swisttal-quesnoy.de\/index.php?rest_route=%2Fwp%2Fv2%2Ftags&post=2339"}],"curies":[{"name":"wp","href":"https:\/\/api.w.org\/{rel}","templated":true}]}}