{"id":2314,"date":"2023-10-04T09:28:56","date_gmt":"2023-10-04T07:28:56","guid":{"rendered":"http:\/\/swisttal-quesnoy.de\/?p=2314"},"modified":"2023-10-26T15:52:50","modified_gmt":"2023-10-26T13:52:50","slug":"einladung-nach-quesnoy-am-18-11","status":"publish","type":"post","link":"https:\/\/swisttal-quesnoy.de\/?p=2314","title":{"rendered":"Einladung zum Gegenbesuch"},"content":{"rendered":"\n<h2 class=\"wp-block-heading\"><em>Die Liaisons-Ausstellung in Quesnoy findet am 9. und 10. M\u00e4rz 2024 statt\u00a0<\/em><\/h2>\n\n\n\n<figure class=\"wp-block-image\"><img decoding=\"async\" src=\"blob:http:\/\/swisttal-quesnoy.de\/ef982f20-48ac-4ed3-94ee-664fa31c8c44\" alt=\"\"\/><\/figure>\n\n\n\n<p>Einladung zur Liaisons-Ausstellung in Quesnoy<\/p>\n\n\n\n<p>Nach einem wunderbaren Kunstwochenende mit enormem Publikumsinteresse an der Vernissage und dem zweiten Einf\u00fchrungsvortrag von Dr. K\u00f6rner zieht die Ausstellung demn\u00e4chst nach Frankreich weiter.<\/p>\n\n\n\n<p class=\"has-text-align-left\"><br>Nun sind wir<\/p>\n\n\n\n<p class=\"has-text-align-center\">zum<strong>&nbsp;Gegenbesuch nach Quesnoy am 9. und 10. M\u00e4rz 24<\/strong><\/p>\n\n\n\n<p class=\"has-text-align-left\">eingeladen&nbsp;zur Er\u00f6ffnung der Ausstellung \u201eLiaisons\u201c in der Partnerstadt<\/p>\n\n\n\n<p>Interessenten an einer Teilnahme melden sich bitte formlos unter<strong>&nbsp;<\/strong><a href=\"mailto:kontakt@swisttal-quesnoy.de\"><strong>kontakt@swisttal-quesnoy.de<\/strong><\/a><\/p>\n\n\n\n<p>Erst mit dieser Information kann der Vorstand konkrete Mitfahrm\u00f6glichkeiten erarbeiten (abh\u00e4ngig von der Teilnehmerzahl gemeinsam in Privatwagen, Minibusse oder Reisebus).&nbsp;<\/p>\n\n\n\n<p>Auf jeden Fall werden wir wie immer in Privatfamilien untergebracht (da es in Quesnoy gar kein Hotel\/ Pension gibt). Keine Sorge: Bei der Unterbringung wird jedoch darauf geachtet, dass zumindest eine Seite die Sprache des anderen spricht: Es gibt auch schon viele Franzosen, die Deutsch sprechen.<\/p>\n\n\n<style type=\"text\/css\">\n#foogallery-gallery-2317 .fg-image { width: 150px; }\n#foogallery-gallery-2317 { --fg-gutter: 10px; }<\/style>\n\t\t\t<div class=\"foogallery foogallery-container foogallery-default foogallery-lightbox-foogallery fg-center fg-default fg-ready fg-light fg-border-thin fg-shadow-outline fg-loading-default fg-loaded-fade-in fg-caption-hover fg-hover-fade fg-hover-zoom\" id=\"foogallery-gallery-2317\" data-foogallery=\"{&quot;item&quot;:{&quot;showCaptionTitle&quot;:true,&quot;showCaptionDescription&quot;:true},&quot;lazy&quot;:true}\" data-foogallery-lightbox=\"{&quot;thumbs&quot;:&quot;bottom&quot;,&quot;thumbsCaptions&quot;:false,&quot;thumbsBestFit&quot;:false,&quot;thumbsSmall&quot;:false,&quot;thumbsCaptionsAlign&quot;:&quot;default&quot;,&quot;info&quot;:&quot;bottom&quot;,&quot;infoVisible&quot;:true,&quot;infoOverlay&quot;:true,&quot;infoAlign&quot;:&quot;default&quot;,&quot;transition&quot;:&quot;fade&quot;,&quot;hoverButtons&quot;:false,&quot;fitMedia&quot;:false,&quot;noScrollbars&quot;:true,&quot;preserveButtonSpace&quot;:true,&quot;buttons&quot;:{&quot;fullscreen&quot;:true,&quot;info&quot;:true,&quot;thumbs&quot;:false},&quot;video&quot;:{&quot;autoPlay&quot;:true}}\" style=\"--fg-title-line-clamp: 0; --fg-description-line-clamp: 0;\" >\n\t<div class=\"fg-item fg-type-image fg-idle\"><figure class=\"fg-item-inner\"><a href=\"https:\/\/swisttal-quesnoy.de\/wp-content\/uploads\/2023\/10\/20230930_1-Vernissage-full-house.heic\" data-caption-title=\"Ein enormes Publikumsinteresse an den beiden Einf\u00fchrungen von Dr. Carl K\u00f6rner: lie\u00df den Ratssaal fast aus allen N\u00e4hten platzen.\" data-attachment-id=\"2318\" data-type=\"image\" class=\"fg-thumb\"><span class=\"fg-image-wrap\"><img decoding=\"async\" title=\"Ein enormes Publikumsinteresse an den beiden Einf\u00fchrungen von Dr. Carl K\u00f6rner: lie\u00df den Ratssaal fast aus allen N\u00e4hten platzen.\" width=\"150\" height=\"150\" class=\"skip-lazy fg-image\" data-src-fg=\"https:\/\/swisttal-quesnoy.de\/wp-content\/uploads\/2023\/10\/20230930_1-Vernissage-full-house.heic\" src=\"data:image\/svg+xml,%3Csvg%20xmlns%3D%22http%3A%2F%2Fwww.w3.org%2F2000%2Fsvg%22%20width%3D%22150%22%20height%3D%22150%22%20viewBox%3D%220%200%20150%20150%22%3E%3C%2Fsvg%3E\" loading=\"eager\"><\/span><span class=\"fg-image-overlay\"><\/span><\/a><figcaption class=\"fg-caption\"><div class=\"fg-caption-inner\"><div class=\"fg-caption-title\">Ein enormes Publikumsinteresse an den beiden Einf\u00fchrungen von Dr. Carl K\u00f6rner: lie\u00df den Ratssaal fast aus allen N\u00e4hten platzen.<\/div><\/div><\/figcaption><\/figure><div class=\"fg-loader\"><\/div><\/div><div class=\"fg-item fg-type-image fg-idle\"><figure class=\"fg-item-inner\"><a href=\"https:\/\/swisttal-quesnoy.de\/wp-content\/uploads\/2023\/10\/20230930_2-Gaeste-der-Vernissage-scaled.jpg\" data-attachment-id=\"2319\" data-type=\"image\" class=\"fg-thumb\"><span class=\"fg-image-wrap\"><img decoding=\"async\" width=\"150\" height=\"150\" class=\"skip-lazy fg-image\" data-src-fg=\"https:\/\/swisttal-quesnoy.de\/wp-content\/uploads\/cache\/2023\/10\/20230930_2-Gaeste-der-Vernissage-scaled\/994190725.jpg\" src=\"data:image\/svg+xml,%3Csvg%20xmlns%3D%22http%3A%2F%2Fwww.w3.org%2F2000%2Fsvg%22%20width%3D%22150%22%20height%3D%22150%22%20viewBox%3D%220%200%20150%20150%22%3E%3C%2Fsvg%3E\" loading=\"eager\"><\/span><span class=\"fg-image-overlay\"><\/span><\/a><\/figure><div class=\"fg-loader\"><\/div><\/div><div class=\"fg-item fg-type-image fg-idle\"><figure class=\"fg-item-inner\"><a href=\"https:\/\/swisttal-quesnoy.de\/wp-content\/uploads\/2023\/10\/20231001_5Gemeinsames-Essen-scaled.jpg\" data-caption-title=\"Viele K\u00fcnstler - obwohl alle aus Swisttal - lernten sich erst hier kennen. \n\nDas gemeinsame Abendessen mit Deutschen und Franz\u00f6sischen K\u00fcnstlern und G\u00e4sten war eine unvergessliche Abrundung dieses einmaligen Ereignisses.\" data-attachment-id=\"2320\" data-type=\"image\" class=\"fg-thumb\"><span class=\"fg-image-wrap\"><img decoding=\"async\" title=\"Viele K\u00fcnstler - obwohl alle aus Swisttal - lernten sich erst hier kennen. \n\nDas gemeinsame Abendessen mit Deutschen und Franz\u00f6sischen K\u00fcnstlern und G\u00e4sten war eine unvergessliche Abrundung dieses einmaligen Ereignisses.\" width=\"150\" height=\"150\" class=\"skip-lazy fg-image\" data-src-fg=\"https:\/\/swisttal-quesnoy.de\/wp-content\/uploads\/cache\/2023\/10\/20231001_5Gemeinsames-Essen-scaled\/1382732177.jpg\" src=\"data:image\/svg+xml,%3Csvg%20xmlns%3D%22http%3A%2F%2Fwww.w3.org%2F2000%2Fsvg%22%20width%3D%22150%22%20height%3D%22150%22%20viewBox%3D%220%200%20150%20150%22%3E%3C%2Fsvg%3E\" loading=\"eager\"><\/span><span class=\"fg-image-overlay\"><\/span><\/a><figcaption class=\"fg-caption\"><div class=\"fg-caption-inner\"><div class=\"fg-caption-title\">Viele K\u00fcnstler &#8211; obwohl alle aus Swisttal &#8211; lernten sich erst hier kennen. \n\nDas gemeinsame Abendessen mit Deutschen und Franz\u00f6sischen K\u00fcnstlern und G\u00e4sten war eine unvergessliche Abrundung dieses einmaligen Ereignisses.<\/div><\/div><\/figcaption><\/figure><div class=\"fg-loader\"><\/div><\/div><div class=\"fg-item fg-type-image fg-idle\"><figure class=\"fg-item-inner\"><a href=\"https:\/\/swisttal-quesnoy.de\/wp-content\/uploads\/2023\/10\/20230929_135929.jpg\" data-caption-title=\"\u00dcbrigens: Die Ausstellung \u201eLiaisons\u201c im Swisttaler Rathaus ist noch bis zum 31. Oktober t\u00e4glich vormittags w\u00e4hrend der Rathaus-\u00d6ffnungszeiten zu sehen, au\u00dferdem am 4. und 5. 10. von 16.00 \u2013 18.30 Uhr, am 7. und 8. Oktober ist sie von 11.00 bis 15.00 Uhr ge\u00f6ffnet. Wenn Sie noch nicht da waren: Schauen Sie mal rein,  es lohnt sich!\" data-attachment-id=\"2321\" data-type=\"image\" class=\"fg-thumb\"><span class=\"fg-image-wrap\"><img decoding=\"async\" title=\"\u00dcbrigens: Die Ausstellung \u201eLiaisons\u201c im Swisttaler Rathaus ist noch bis zum 31. Oktober t\u00e4glich vormittags w\u00e4hrend der Rathaus-\u00d6ffnungszeiten zu sehen, au\u00dferdem am 4. und 5. 10. von 16.00 \u2013 18.30 Uhr, am 7. und 8. Oktober ist sie von 11.00 bis 15.00 Uhr ge\u00f6ffnet. Wenn Sie noch nicht da waren: Schauen Sie mal rein,  es lohnt sich!\" width=\"150\" height=\"150\" class=\"skip-lazy fg-image\" data-src-fg=\"https:\/\/swisttal-quesnoy.de\/wp-content\/uploads\/cache\/2023\/10\/20230929_135929\/2150384736.jpg\" src=\"data:image\/svg+xml,%3Csvg%20xmlns%3D%22http%3A%2F%2Fwww.w3.org%2F2000%2Fsvg%22%20width%3D%22150%22%20height%3D%22150%22%20viewBox%3D%220%200%20150%20150%22%3E%3C%2Fsvg%3E\" loading=\"eager\"><\/span><span class=\"fg-image-overlay\"><\/span><\/a><figcaption class=\"fg-caption\"><div class=\"fg-caption-inner\"><div class=\"fg-caption-title\">\u00dcbrigens: Die Ausstellung \u201eLiaisons\u201c im Swisttaler Rathaus ist noch bis zum 31. Oktober t\u00e4glich vormittags w\u00e4hrend der Rathaus-\u00d6ffnungszeiten zu sehen, au\u00dferdem am 4. und 5. 10. von 16.00 \u2013 18.30 Uhr, am 7. und 8. Oktober ist sie von 11.00 bis 15.00 Uhr ge\u00f6ffnet. Wenn Sie noch nicht da waren: Schauen Sie mal rein,  es lohnt sich!<\/div><\/div><\/figcaption><\/figure><div class=\"fg-loader\"><\/div><\/div><div class=\"fg-item fg-type-image fg-idle\"><figure class=\"fg-item-inner\"><a href=\"https:\/\/swisttal-quesnoy.de\/wp-content\/uploads\/2023\/10\/20230930_7-Geschenke.jpg\" data-attachment-id=\"2322\" data-type=\"image\" class=\"fg-thumb\"><span class=\"fg-image-wrap\"><img decoding=\"async\" width=\"150\" height=\"150\" class=\"skip-lazy fg-image\" data-src-fg=\"https:\/\/swisttal-quesnoy.de\/wp-content\/uploads\/cache\/2023\/10\/20230930_7-Geschenke\/661073422.jpg\" src=\"data:image\/svg+xml,%3Csvg%20xmlns%3D%22http%3A%2F%2Fwww.w3.org%2F2000%2Fsvg%22%20width%3D%22150%22%20height%3D%22150%22%20viewBox%3D%220%200%20150%20150%22%3E%3C%2Fsvg%3E\" loading=\"eager\"><\/span><span class=\"fg-image-overlay\"><\/span><\/a><\/figure><div class=\"fg-loader\"><\/div><\/div><\/div>\n","protected":false},"excerpt":{"rendered":"<p>Die Liaisons-Ausstellung in Quesnoy findet am 9. und 10. M\u00e4rz 2024 statt\u00a0 Einladung zur Liaisons-Ausstellung in Quesnoy Nach einem wunderbaren Kunstwochenende mit enormem Publikumsinteresse an der Vernissage und dem zweiten Einf\u00fchrungsvortrag von Dr. K\u00f6rner zieht die Ausstellung demn\u00e4chst nach Frankreich weiter. Nun sind wir zum&nbsp;Gegenbesuch nach Quesnoy am 9. und 10. M\u00e4rz 24 eingeladen&nbsp;zur Er\u00f6ffnung [&hellip;]<\/p>\n","protected":false},"author":1,"featured_media":0,"comment_status":"open","ping_status":"open","sticky":false,"template":"","format":"standard","meta":{"footnotes":""},"categories":[2],"tags":[],"class_list":["post-2314","post","type-post","status-publish","format-standard","hentry","category-aktivitaeten"],"_links":{"self":[{"href":"https:\/\/swisttal-quesnoy.de\/index.php?rest_route=\/wp\/v2\/posts\/2314","targetHints":{"allow":["GET"]}}],"collection":[{"href":"https:\/\/swisttal-quesnoy.de\/index.php?rest_route=\/wp\/v2\/posts"}],"about":[{"href":"https:\/\/swisttal-quesnoy.de\/index.php?rest_route=\/wp\/v2\/types\/post"}],"author":[{"embeddable":true,"href":"https:\/\/swisttal-quesnoy.de\/index.php?rest_route=\/wp\/v2\/users\/1"}],"replies":[{"embeddable":true,"href":"https:\/\/swisttal-quesnoy.de\/index.php?rest_route=%2Fwp%2Fv2%2Fcomments&post=2314"}],"version-history":[{"count":4,"href":"https:\/\/swisttal-quesnoy.de\/index.php?rest_route=\/wp\/v2\/posts\/2314\/revisions"}],"predecessor-version":[{"id":2338,"href":"https:\/\/swisttal-quesnoy.de\/index.php?rest_route=\/wp\/v2\/posts\/2314\/revisions\/2338"}],"wp:attachment":[{"href":"https:\/\/swisttal-quesnoy.de\/index.php?rest_route=%2Fwp%2Fv2%2Fmedia&parent=2314"}],"wp:term":[{"taxonomy":"category","embeddable":true,"href":"https:\/\/swisttal-quesnoy.de\/index.php?rest_route=%2Fwp%2Fv2%2Fcategories&post=2314"},{"taxonomy":"post_tag","embeddable":true,"href":"https:\/\/swisttal-quesnoy.de\/index.php?rest_route=%2Fwp%2Fv2%2Ftags&post=2314"}],"curies":[{"name":"wp","href":"https:\/\/api.w.org\/{rel}","templated":true}]}}