{"id":2306,"date":"2023-09-06T06:39:03","date_gmt":"2023-09-06T04:39:03","guid":{"rendered":"http:\/\/swisttal-quesnoy.de\/?p=2306"},"modified":"2023-09-06T06:39:05","modified_gmt":"2023-09-06T04:39:05","slug":"einladung-zum-deutsch-franzoesischen-wochenende","status":"publish","type":"post","link":"https:\/\/swisttal-quesnoy.de\/?p=2306","title":{"rendered":"Einladung zum deutsch-franz\u00f6sischen Wochenende"},"content":{"rendered":"\n<p>Liebe Mitglieder und Frankreichfreunde,&nbsp;<\/p>\n\n\n\n<p>unser H\u00f6hepunkt des Jahres steht an mit dem Besuch unserer franz\u00f6sischen Freunde aus Quesnoy am 30.9. \/ 1. 10. 2023 in Swisttal. Besonderes Ereignis wird dabei unsere 1. deutsch-franz\u00f6sische Kunstausstellung \u201eLiaisons \u2013 Verbindungen\u201c sein.&nbsp;<\/p>\n\n\n\n<p><strong>Herzliche EINLADUNG<\/strong><\/p>\n\n\n\n<p>zur feierlichen&nbsp;<strong>Vernissage<\/strong>&nbsp;mit allen beteiligten K\u00fcnstlerInnen und vielen geladenen G\u00e4sten&nbsp;<\/p>\n\n\n\n<p>am Samstag,&nbsp;<strong>30.9.23\/ 15.00 Uhr im Rathaus<\/strong>. Die Einf\u00fchrung erfolgt durch Dr. Carl K\u00f6rner.&nbsp;<\/p>\n\n\n\n<p>Au\u00dferdem laden wir Sie ein am&nbsp;<strong>Samstagabend, 30.9.23 um 19.30 Uhr in die Mensa der Gesamtschule<\/strong>&nbsp;Swisttal in Heimerzheim (Bl\u00fctenweg 10) zu einem gemeinsamen Abendessen mit allen beteiligten deutschen und franz\u00f6sischen K\u00fcnstlerInnen und Ehreng\u00e4sten (Gerne mit Partner\/in bei Beteiligung zum Selbstkostenpreis, auf Wunsch k\u00f6nnen Sie auch schon die Speisenfolge erfahren)&nbsp;<\/p>\n\n\n\n<p>\uf0e0&nbsp;Wir bitten um zeitnahe Anmeldung&nbsp;<a href=\"mailto:kontakt@swisttal-quesnoy.de\">kontakt@swisttal-quesnoy.de<\/a>&nbsp;f\u00fcr unsere Planung.<br>Gerne nehmen wir auch noch Angebote als Gastgeber der Franzosen&nbsp;&nbsp;f\u00fcr eine Nacht an.<\/p>\n\n\n\n<p>Das G\u00e4steprogramm (Anhang) sieht au\u00dferdem f\u00fcr Sonntag, 1.10. \/ 12 Uhr eine Einf\u00fchrung in die 300-j\u00e4hrige Geschichte der evangelischen Vers\u00f6hnungskirche Buschhoven vor, abgerundet durch ein kleines Orgelkonzert des Organisten Thomas Goll. Auch hierzu sind Sie herzlich eingeladen!<\/p>\n\n\n\n<p>Die Ausstellung im Rathaus soll in der Zeit vom 1. &#8211; 8. Oktober zu sehen sein, werkt\u00e4glich vormittags w\u00e4hrend der \u00d6ffnungszeiten sowie werktags von 16.00 \u2013 18.30 Uhr und am Samstag, Sonn- und Feiertag (3.10,) von 11.00 \u2013 15.00 Uhr.&nbsp;<\/p>\n\n\n\n<p><strong>Am 3. Oktober \/ 11.00 Uhr&nbsp;<\/strong>wird Herr Dr. K\u00f6rner ein weiteres Mal \u00f6ffentlich in die Ausstellung einf\u00fchren. (Im Anhang das Plakat, mit dem Sie auch bei Freunden und Bekannten werben k\u00f6nnen)<\/p>\n\n\n\n<p>Wir freuen uns auf eine vielseitige Ausstellung, eine spannende Zeit und ein gelungenes Miteinander.&nbsp;&nbsp;&nbsp;&nbsp;&nbsp;&nbsp;&nbsp;&nbsp;&nbsp;&nbsp;&nbsp;&nbsp;&nbsp;&nbsp;&nbsp;&nbsp;&nbsp;&nbsp;&nbsp;&nbsp;&nbsp;&nbsp;&nbsp;&nbsp;&nbsp;&nbsp;&nbsp;&nbsp;&nbsp;&nbsp;&nbsp;&nbsp;&nbsp;&nbsp;&nbsp;<\/p>\n\n\n\n<p>Vielleicht sehen wir uns ja auch schon am 14.9. beim Jour Fixe bei Belderbusch?!<\/p>\n\n\n\n<p>Ihre&nbsp;Monika Wolf-Umhauer&nbsp;und Vorstand<\/p>\n\n\n\n<div data-wp-interactive=\"core\/file\" class=\"wp-block-file\"><object data-wp-bind--hidden=\"!state.hasPdfPreview\" hidden class=\"wp-block-file__embed\" data=\"http:\/\/swisttal-quesnoy.de\/wp-content\/uploads\/2023\/09\/Plakat-Liaisons-.pdf\" type=\"application\/pdf\" style=\"width:100%;height:600px\" aria-label=\"Einbettung von Plakat-Liaisons-.\"><\/object><a id=\"wp-block-file--media-111d01e8-7892-481b-bdb1-1f25c0f8a8ca\" href=\"http:\/\/swisttal-quesnoy.de\/wp-content\/uploads\/2023\/09\/Plakat-Liaisons-.pdf\">Plakat-Liaisons-<\/a><a href=\"http:\/\/swisttal-quesnoy.de\/wp-content\/uploads\/2023\/09\/Plakat-Liaisons-.pdf\" class=\"wp-block-file__button wp-element-button\" download aria-describedby=\"wp-block-file--media-111d01e8-7892-481b-bdb1-1f25c0f8a8ca\">Herunterladen<\/a><\/div>\n\n\n\n<div data-wp-interactive=\"core\/file\" class=\"wp-block-file\"><object data-wp-bind--hidden=\"!state.hasPdfPreview\" hidden class=\"wp-block-file__embed\" data=\"http:\/\/swisttal-quesnoy.de\/wp-content\/uploads\/2023\/09\/Einladung-deutsch-franzoesisches-Wochenende.pdf\" type=\"application\/pdf\" style=\"width:100%;height:600px\" aria-label=\"Einbettung von Einladung-deutsch-franzoesisches-Wochenende.\"><\/object><a id=\"wp-block-file--media-1aeeda6d-fe4b-49ae-a8df-a9351b2a5e27\" href=\"http:\/\/swisttal-quesnoy.de\/wp-content\/uploads\/2023\/09\/Einladung-deutsch-franzoesisches-Wochenende.pdf\">Einladung-deutsch-franzoesisches-Wochenende<\/a><a href=\"http:\/\/swisttal-quesnoy.de\/wp-content\/uploads\/2023\/09\/Einladung-deutsch-franzoesisches-Wochenende.pdf\" class=\"wp-block-file__button wp-element-button\" download aria-describedby=\"wp-block-file--media-1aeeda6d-fe4b-49ae-a8df-a9351b2a5e27\">Herunterladen<\/a><\/div>\n\n\n\n<div data-wp-interactive=\"core\/file\" class=\"wp-block-file\"><object data-wp-bind--hidden=\"!state.hasPdfPreview\" hidden class=\"wp-block-file__embed\" data=\"http:\/\/swisttal-quesnoy.de\/wp-content\/uploads\/2023\/09\/PROGRAMM-Einladung-zum-Kunstwochenende.pdf\" type=\"application\/pdf\" style=\"width:100%;height:600px\" aria-label=\"Einbettung von PROGRAMM-Einladung-zum-Kunstwochenende.\"><\/object><a id=\"wp-block-file--media-cb8ea05a-5b00-4d10-9f9e-8810657a8433\" href=\"http:\/\/swisttal-quesnoy.de\/wp-content\/uploads\/2023\/09\/PROGRAMM-Einladung-zum-Kunstwochenende.pdf\">PROGRAMM-Einladung-zum-Kunstwochenende<\/a><a href=\"http:\/\/swisttal-quesnoy.de\/wp-content\/uploads\/2023\/09\/PROGRAMM-Einladung-zum-Kunstwochenende.pdf\" class=\"wp-block-file__button wp-element-button\" download aria-describedby=\"wp-block-file--media-cb8ea05a-5b00-4d10-9f9e-8810657a8433\">Herunterladen<\/a><\/div>\n","protected":false},"excerpt":{"rendered":"<p>Liebe Mitglieder und Frankreichfreunde,&nbsp; unser H\u00f6hepunkt des Jahres steht an mit dem Besuch unserer franz\u00f6sischen Freunde aus Quesnoy am 30.9. \/ 1. 10. 2023 in Swisttal. Besonderes Ereignis wird dabei unsere 1. deutsch-franz\u00f6sische Kunstausstellung \u201eLiaisons \u2013 Verbindungen\u201c sein.&nbsp; Herzliche EINLADUNG zur feierlichen&nbsp;Vernissage&nbsp;mit allen beteiligten K\u00fcnstlerInnen und vielen geladenen G\u00e4sten&nbsp; am Samstag,&nbsp;30.9.23\/ 15.00 Uhr im Rathaus. [&hellip;]<\/p>\n","protected":false},"author":1,"featured_media":0,"comment_status":"open","ping_status":"open","sticky":false,"template":"","format":"standard","meta":{"footnotes":""},"categories":[2],"tags":[],"class_list":["post-2306","post","type-post","status-publish","format-standard","hentry","category-aktivitaeten"],"_links":{"self":[{"href":"https:\/\/swisttal-quesnoy.de\/index.php?rest_route=\/wp\/v2\/posts\/2306","targetHints":{"allow":["GET"]}}],"collection":[{"href":"https:\/\/swisttal-quesnoy.de\/index.php?rest_route=\/wp\/v2\/posts"}],"about":[{"href":"https:\/\/swisttal-quesnoy.de\/index.php?rest_route=\/wp\/v2\/types\/post"}],"author":[{"embeddable":true,"href":"https:\/\/swisttal-quesnoy.de\/index.php?rest_route=\/wp\/v2\/users\/1"}],"replies":[{"embeddable":true,"href":"https:\/\/swisttal-quesnoy.de\/index.php?rest_route=%2Fwp%2Fv2%2Fcomments&post=2306"}],"version-history":[{"count":1,"href":"https:\/\/swisttal-quesnoy.de\/index.php?rest_route=\/wp\/v2\/posts\/2306\/revisions"}],"predecessor-version":[{"id":2311,"href":"https:\/\/swisttal-quesnoy.de\/index.php?rest_route=\/wp\/v2\/posts\/2306\/revisions\/2311"}],"wp:attachment":[{"href":"https:\/\/swisttal-quesnoy.de\/index.php?rest_route=%2Fwp%2Fv2%2Fmedia&parent=2306"}],"wp:term":[{"taxonomy":"category","embeddable":true,"href":"https:\/\/swisttal-quesnoy.de\/index.php?rest_route=%2Fwp%2Fv2%2Fcategories&post=2306"},{"taxonomy":"post_tag","embeddable":true,"href":"https:\/\/swisttal-quesnoy.de\/index.php?rest_route=%2Fwp%2Fv2%2Ftags&post=2306"}],"curies":[{"name":"wp","href":"https:\/\/api.w.org\/{rel}","templated":true}]}}