{"id":2282,"date":"2023-07-16T18:29:33","date_gmt":"2023-07-16T16:29:33","guid":{"rendered":"http:\/\/swisttal-quesnoy.de\/?p=2282"},"modified":"2023-07-16T18:30:54","modified_gmt":"2023-07-16T16:30:54","slug":"bitte-um-ihre-aktive-teilnahme","status":"publish","type":"post","link":"https:\/\/swisttal-quesnoy.de\/?p=2282","title":{"rendered":"Bitte um Ihre aktive Teilnahme!"},"content":{"rendered":"\n<p>Liebe Mitglieder und Frankreichfreunde,<\/p>\n\n\n\n<p>dieses Jahr zeichnet sich durch viele interessante und abwechslungsreiche Aktivit\u00e4ten unseres Vereins aus. Gerade haben wir ein sehr gem\u00fctliches Sommerfest mit Boule hinter uns, da stehen weitere bedeutende Ereignisse an. So sind wir fast froh,&nbsp;<strong>im August<\/strong>&nbsp;<strong>KEINEN Jour Fixe<\/strong>&nbsp;angesetzt zu haben. (n\u00e4chster JF&nbsp;am 14.9.beim Belderbusch )<\/p>\n\n\n\n<p>Wir unterst\u00fctzen die Dorf-Vereine und pr\u00e4sentieren uns selbst&nbsp;<\/p>\n\n\n\n<p><strong>am Samstag,<\/strong>&nbsp;<strong>12.8.<\/strong>&nbsp;Ab 14 Uhr&nbsp;\u00f6ffnet unser&nbsp;<strong>Weinstand beim Dorffest in Odendorf<\/strong>. Hierf\u00fcr suchen wir Helfer am Weinstand. Bitte schenken Sie uns 1 bis 2 Stunden Ihrer Zeit und unterst\u00fctzen Sie uns&nbsp;von 14 &#8211; 24 Uhr&nbsp;als Standbesatzung!<\/p>\n\n\n\n<p>\uf0e0&nbsp;Wir bitten um Ihr baldiges Angebot (gerne auch f\u00fcr den Auf- bzw. Abbau)!<\/p>\n\n\n\n<p>Das Partnerschaftstreffen 2023 mit den franz\u00f6sischen Freunden findet in diesem Jahr erstmals im Rahmen einer&nbsp;<strong>deutsch-franz\u00f6sischen Kunstausstellung<\/strong>&nbsp;statt:<\/p>\n\n\n\n<p><strong>Am Samstag, 30.9. um 15 Uhr<\/strong>&nbsp;findet die feierliche&nbsp;<strong>Vernissage<\/strong>&nbsp;im Rathaus Ludendorf statt. Hierzu ergeht schon jetzt eine herzliche Einladung&nbsp;<\/p>\n\n\n\n<p>(\uf0e0&nbsp;Bitte um Anmeldung!)&nbsp;<\/p>\n\n\n\n<p>Dazu erwarten wir nat\u00fcrlich sowohl teilnehmende K\u00fcnstlerInnen als auch G\u00e4ste aus unserer Partnerstadt Quesnoy-sur-De\u00fble.&nbsp;<\/p>\n\n\n\n<p>Bitte stellen Sie sich f\u00fcr das Wochenende als&nbsp;<strong>Gastgeber<\/strong>&nbsp;zur Verf\u00fcgung! Zum Dank laden wir Sie&nbsp;am 30.9. um 19 Uhr&nbsp;zum gemeinsamen Abendessen in die Mensa der Gesamtschule ein.&nbsp;\uf0e0&nbsp;Wir bitten um Ihr baldiges Angebot und Anmeldung!&nbsp;<\/p>\n\n\n\n<p>Als Nicht-Gastgeber k\u00f6nnen Sie nat\u00fcrlich auch am Partnerschaftstreffen und zum Selbstkostenpreis am gemeinsamen Abendessen teilnehmen!&nbsp;<em>(Generell nehmen wir auch aktive, kulinarische wie finanzielle Unterst\u00fctzung daf\u00fcr gerne an.)<\/em><\/p>\n\n\n\n<p>Auch hier bitten wir um eine baldige Anmeldung.<br>Die Planung f\u00fcr den Sonntag mit G\u00e4sten ist noch nicht abgeschlossen, gute Ideen nehmen wir&nbsp;bis zum 1.8.&nbsp;gerne entgegen!<\/p>\n\n\n\n<p>Wir freuen uns auf interessante Begegnungen \u2013 und auf Sie!<br>Ihre&nbsp;<\/p>\n\n\n\n<p>Monika Wolf-Umhauer<\/p>\n\n\n\n<div data-wp-interactive=\"core\/file\" class=\"wp-block-file\"><object data-wp-bind--hidden=\"!state.hasPdfPreview\" hidden class=\"wp-block-file__embed\" data=\"http:\/\/swisttal-quesnoy.de\/wp-content\/uploads\/2023\/07\/Bitte-um-aktive-Teilnahme.pdf\" type=\"application\/pdf\" style=\"width:100%;height:600px\" aria-label=\"Einbettung von Bitte-um-aktive-Teilnahme.\"><\/object><a id=\"wp-block-file--media-97ddf2fb-7492-4c59-96e7-518eb9f9c81b\" href=\"http:\/\/swisttal-quesnoy.de\/wp-content\/uploads\/2023\/07\/Bitte-um-aktive-Teilnahme.pdf\">Bitte-um-aktive-Teilnahme<\/a><a href=\"http:\/\/swisttal-quesnoy.de\/wp-content\/uploads\/2023\/07\/Bitte-um-aktive-Teilnahme.pdf\" class=\"wp-block-file__button wp-element-button\" download aria-describedby=\"wp-block-file--media-97ddf2fb-7492-4c59-96e7-518eb9f9c81b\">Herunterladen<\/a><\/div>\n","protected":false},"excerpt":{"rendered":"<p>Liebe Mitglieder und Frankreichfreunde, dieses Jahr zeichnet sich durch viele interessante und abwechslungsreiche Aktivit\u00e4ten unseres Vereins aus. Gerade haben wir ein sehr gem\u00fctliches Sommerfest mit Boule hinter uns, da stehen weitere bedeutende Ereignisse an. So sind wir fast froh,&nbsp;im August&nbsp;KEINEN Jour Fixe&nbsp;angesetzt zu haben. (n\u00e4chster JF&nbsp;am 14.9.beim Belderbusch ) Wir unterst\u00fctzen die Dorf-Vereine und pr\u00e4sentieren [&hellip;]<\/p>\n","protected":false},"author":1,"featured_media":0,"comment_status":"open","ping_status":"open","sticky":false,"template":"","format":"standard","meta":{"footnotes":""},"categories":[1],"tags":[],"class_list":["post-2282","post","type-post","status-publish","format-standard","hentry","category-allgemein"],"_links":{"self":[{"href":"https:\/\/swisttal-quesnoy.de\/index.php?rest_route=\/wp\/v2\/posts\/2282","targetHints":{"allow":["GET"]}}],"collection":[{"href":"https:\/\/swisttal-quesnoy.de\/index.php?rest_route=\/wp\/v2\/posts"}],"about":[{"href":"https:\/\/swisttal-quesnoy.de\/index.php?rest_route=\/wp\/v2\/types\/post"}],"author":[{"embeddable":true,"href":"https:\/\/swisttal-quesnoy.de\/index.php?rest_route=\/wp\/v2\/users\/1"}],"replies":[{"embeddable":true,"href":"https:\/\/swisttal-quesnoy.de\/index.php?rest_route=%2Fwp%2Fv2%2Fcomments&post=2282"}],"version-history":[{"count":2,"href":"https:\/\/swisttal-quesnoy.de\/index.php?rest_route=\/wp\/v2\/posts\/2282\/revisions"}],"predecessor-version":[{"id":2286,"href":"https:\/\/swisttal-quesnoy.de\/index.php?rest_route=\/wp\/v2\/posts\/2282\/revisions\/2286"}],"wp:attachment":[{"href":"https:\/\/swisttal-quesnoy.de\/index.php?rest_route=%2Fwp%2Fv2%2Fmedia&parent=2282"}],"wp:term":[{"taxonomy":"category","embeddable":true,"href":"https:\/\/swisttal-quesnoy.de\/index.php?rest_route=%2Fwp%2Fv2%2Fcategories&post=2282"},{"taxonomy":"post_tag","embeddable":true,"href":"https:\/\/swisttal-quesnoy.de\/index.php?rest_route=%2Fwp%2Fv2%2Ftags&post=2282"}],"curies":[{"name":"wp","href":"https:\/\/api.w.org\/{rel}","templated":true}]}}