{"id":2254,"date":"2023-06-12T09:44:29","date_gmt":"2023-06-12T07:44:29","guid":{"rendered":"http:\/\/swisttal-quesnoy.de\/?p=2254"},"modified":"2023-06-12T09:44:31","modified_gmt":"2023-06-12T07:44:31","slug":"liebe-frankreichfreunde-und-mitglieder","status":"publish","type":"post","link":"https:\/\/swisttal-quesnoy.de\/?p=2254","title":{"rendered":"Liebe Frankreichfreunde\u00a0und Mitglieder,"},"content":{"rendered":"\n<p>w\u00e4hrend alle Familien gespannt den Ferien entgegengehen, planen wir vom Vorstand des Partnerschaftsvereins gleich zwei Gro\u00dfprojekte, deren Termine ich Sie jetzt schon bitte, in Ihren Kalendern vorzumerken:<\/p>\n\n\n\n<p>Am &nbsp;<strong>Donnerstag, 13.7. \/ 17 Uhr&nbsp;<\/strong>findet wie angek\u00fcndigt das traditionelle &#8222;Sommerfest mit Boule&#8220; statt (Einladung im Anhang)<\/p>\n\n\n\n<p>Am&nbsp;<strong>Samstag, 30.9. \/ 15.00 Uhr<\/strong>&nbsp;wird die erste deutsch-franz\u00f6sische Kunstausstellung im Swisttaler Rathaus er\u00f6ffnet.&nbsp;<\/p>\n\n\n\n<p>Dazu werden die franz\u00f6sischen Freunde aus Quesnoy anreisen und wir suchen jetzt schon&nbsp;<strong>Gastgeber f\u00fcr das Wochenende 30.9.\/1.10.23<\/strong>. (Die genauen Details sind noch nicht abgesprochen, aber wir rechnen mit der Ankunft am Samstag-Vormittag,&nbsp;einem gemeinsamen Abendessen und der Abreise der G\u00e4ste am Sonntag&nbsp;gegen 15-16 Uhr. N\u00e4heres folgt, ich freue mich dennoch schon auf Ihre Bereitschaft, G\u00e4ste aufzunehmen! Bitte melden!).<\/p>\n\n\n\n<p>Auch an der Kunstausstellung k\u00f6nnen Sie mitwirken &#8211; aktiv als Kunstschaffende und &#8222;passiv&#8220; durch Werbung in vielerlei&nbsp;Hinsicht: Durch Verbreitung des &#8222;Plakats&#8220;, durch Ansprache von Kunstschaffenden zur Teilnahme, durch Werbung f\u00fcr die&nbsp;Veranstaltung am 30.9. in ihrem Umfeld. Weitere Informationen auf der Homepage&nbsp;<a href=\"http:\/\/www.swisttal-quesnoy.de\/\">www.swisttal-quesnoy.de<\/a><\/p>\n\n\n\n<p>Mit Dank und herzlichen Gr\u00fc\u00dfen bis zum n\u00e4chsten Treffen<\/p>\n\n\n\n<p>Ihre<\/p>\n\n\n\n<p>Monika Wolf-Umhauer<\/p>\n","protected":false},"excerpt":{"rendered":"<p>w\u00e4hrend alle Familien gespannt den Ferien entgegengehen, planen wir vom Vorstand des Partnerschaftsvereins gleich zwei Gro\u00dfprojekte, deren Termine ich Sie jetzt schon bitte, in Ihren Kalendern vorzumerken: Am &nbsp;Donnerstag, 13.7. \/ 17 Uhr&nbsp;findet wie angek\u00fcndigt das traditionelle &#8222;Sommerfest mit Boule&#8220; statt (Einladung im Anhang) Am&nbsp;Samstag, 30.9. \/ 15.00 Uhr&nbsp;wird die erste deutsch-franz\u00f6sische Kunstausstellung im Swisttaler [&hellip;]<\/p>\n","protected":false},"author":1,"featured_media":0,"comment_status":"open","ping_status":"open","sticky":false,"template":"","format":"standard","meta":{"footnotes":""},"categories":[2],"tags":[],"class_list":["post-2254","post","type-post","status-publish","format-standard","hentry","category-aktivitaeten"],"_links":{"self":[{"href":"https:\/\/swisttal-quesnoy.de\/index.php?rest_route=\/wp\/v2\/posts\/2254","targetHints":{"allow":["GET"]}}],"collection":[{"href":"https:\/\/swisttal-quesnoy.de\/index.php?rest_route=\/wp\/v2\/posts"}],"about":[{"href":"https:\/\/swisttal-quesnoy.de\/index.php?rest_route=\/wp\/v2\/types\/post"}],"author":[{"embeddable":true,"href":"https:\/\/swisttal-quesnoy.de\/index.php?rest_route=\/wp\/v2\/users\/1"}],"replies":[{"embeddable":true,"href":"https:\/\/swisttal-quesnoy.de\/index.php?rest_route=%2Fwp%2Fv2%2Fcomments&post=2254"}],"version-history":[{"count":1,"href":"https:\/\/swisttal-quesnoy.de\/index.php?rest_route=\/wp\/v2\/posts\/2254\/revisions"}],"predecessor-version":[{"id":2256,"href":"https:\/\/swisttal-quesnoy.de\/index.php?rest_route=\/wp\/v2\/posts\/2254\/revisions\/2256"}],"wp:attachment":[{"href":"https:\/\/swisttal-quesnoy.de\/index.php?rest_route=%2Fwp%2Fv2%2Fmedia&parent=2254"}],"wp:term":[{"taxonomy":"category","embeddable":true,"href":"https:\/\/swisttal-quesnoy.de\/index.php?rest_route=%2Fwp%2Fv2%2Fcategories&post=2254"},{"taxonomy":"post_tag","embeddable":true,"href":"https:\/\/swisttal-quesnoy.de\/index.php?rest_route=%2Fwp%2Fv2%2Ftags&post=2254"}],"curies":[{"name":"wp","href":"https:\/\/api.w.org\/{rel}","templated":true}]}}