{"id":2151,"date":"2021-09-11T14:24:00","date_gmt":"2021-09-11T12:24:00","guid":{"rendered":"http:\/\/swisttal-quesnoy.de\/?p=2151"},"modified":"2023-04-09T14:27:55","modified_gmt":"2023-04-09T12:27:55","slug":"beethoven-2020-21","status":"publish","type":"post","link":"https:\/\/swisttal-quesnoy.de\/?p=2151","title":{"rendered":"Beethoven 2020-21"},"content":{"rendered":"\n<p>Zu Beethovens&nbsp;250. Geburtstag wollte die Region gro\u00df denken: Unter der Leitung der Musikschule wollten die Orchester der Kommunen und deren Partnerst\u00e4dten ein gemeinsames Konzert geben: &#8222;Die Jugend Europas trifft Beethoven&#8220;. Doch Corona sollte alles zunichte&nbsp;machen.<\/p>\n\n\n\n<p>Der Beharrlichkeit und Kreativit\u00e4t Claus Kratzenbergs, ehem. Leiter der Musikschule Voreifel, ist es zu verdanken, dass das am 11.9.2021 unter v\u00f6llig neuen Vorzeichen realisiert wurde: Hybrid und drau\u00dfen spielten die Tomburgwinds live und die Partnerorchester&nbsp;waren mit Video-Beitr\u00e4gen vertreten. Der Chor &#8222;ya de la Joie&#8220; unter Leitung von Catherine Mille&nbsp;vertrat unsere&nbsp;Partnerstadt. Au\u00dferdem wurde diese in Bildern vorgestellt.<\/p>\n\n\n\n<figure class=\"wp-block-image size-large\"><a href=\"http:\/\/swisttal-quesnoy.de\/wp-content\/uploads\/2023\/04\/IMG_0117.jpeg\"><img loading=\"lazy\" decoding=\"async\" width=\"724\" height=\"1024\" src=\"http:\/\/swisttal-quesnoy.de\/wp-content\/uploads\/2023\/04\/IMG_0117-724x1024.jpeg\" alt=\"\" class=\"wp-image-2162\" srcset=\"https:\/\/swisttal-quesnoy.de\/wp-content\/uploads\/2023\/04\/IMG_0117-724x1024.jpeg 724w, https:\/\/swisttal-quesnoy.de\/wp-content\/uploads\/2023\/04\/IMG_0117-212x300.jpeg 212w, https:\/\/swisttal-quesnoy.de\/wp-content\/uploads\/2023\/04\/IMG_0117-768x1086.jpeg 768w, https:\/\/swisttal-quesnoy.de\/wp-content\/uploads\/2023\/04\/IMG_0117-1086x1536.jpeg 1086w, https:\/\/swisttal-quesnoy.de\/wp-content\/uploads\/2023\/04\/IMG_0117-1448x2048.jpeg 1448w, https:\/\/swisttal-quesnoy.de\/wp-content\/uploads\/2023\/04\/IMG_0117-624x882.jpeg 624w, https:\/\/swisttal-quesnoy.de\/wp-content\/uploads\/2023\/04\/IMG_0117.jpeg 1497w\" sizes=\"auto, (max-width: 724px) 100vw, 724px\" \/><\/a><\/figure>\n\n\n\n<figure class=\"wp-block-gallery has-nested-images columns-default is-cropped wp-block-gallery-1 is-layout-flex wp-block-gallery-is-layout-flex\">\n<figure class=\"wp-block-image size-large\"><a href=\"http:\/\/swisttal-quesnoy.de\/wp-content\/uploads\/2023\/04\/210911_Praesentation-des-PartV-scaled.jpeg\"><img loading=\"lazy\" decoding=\"async\" width=\"1024\" height=\"473\" data-id=\"2158\" src=\"http:\/\/swisttal-quesnoy.de\/wp-content\/uploads\/2023\/04\/210911_Praesentation-des-PartV-1024x473.jpeg\" alt=\"\" class=\"wp-image-2158\" srcset=\"https:\/\/swisttal-quesnoy.de\/wp-content\/uploads\/2023\/04\/210911_Praesentation-des-PartV-1024x473.jpeg 1024w, https:\/\/swisttal-quesnoy.de\/wp-content\/uploads\/2023\/04\/210911_Praesentation-des-PartV-300x139.jpeg 300w, https:\/\/swisttal-quesnoy.de\/wp-content\/uploads\/2023\/04\/210911_Praesentation-des-PartV-768x355.jpeg 768w, https:\/\/swisttal-quesnoy.de\/wp-content\/uploads\/2023\/04\/210911_Praesentation-des-PartV-1536x709.jpeg 1536w, https:\/\/swisttal-quesnoy.de\/wp-content\/uploads\/2023\/04\/210911_Praesentation-des-PartV-2048x946.jpeg 2048w, https:\/\/swisttal-quesnoy.de\/wp-content\/uploads\/2023\/04\/210911_Praesentation-des-PartV-624x288.jpeg 624w\" sizes=\"auto, (max-width: 1024px) 100vw, 1024px\" \/><\/a><\/figure>\n\n\n\n<figure class=\"wp-block-image size-large\"><a href=\"http:\/\/swisttal-quesnoy.de\/wp-content\/uploads\/2023\/04\/210911_gut-besuchtes-Hybrid-Konzert-scaled.jpeg\"><img loading=\"lazy\" decoding=\"async\" width=\"1024\" height=\"473\" data-id=\"2157\" src=\"http:\/\/swisttal-quesnoy.de\/wp-content\/uploads\/2023\/04\/210911_gut-besuchtes-Hybrid-Konzert-1024x473.jpeg\" alt=\"\" class=\"wp-image-2157\" srcset=\"https:\/\/swisttal-quesnoy.de\/wp-content\/uploads\/2023\/04\/210911_gut-besuchtes-Hybrid-Konzert-1024x473.jpeg 1024w, https:\/\/swisttal-quesnoy.de\/wp-content\/uploads\/2023\/04\/210911_gut-besuchtes-Hybrid-Konzert-300x139.jpeg 300w, https:\/\/swisttal-quesnoy.de\/wp-content\/uploads\/2023\/04\/210911_gut-besuchtes-Hybrid-Konzert-768x355.jpeg 768w, https:\/\/swisttal-quesnoy.de\/wp-content\/uploads\/2023\/04\/210911_gut-besuchtes-Hybrid-Konzert-1536x709.jpeg 1536w, https:\/\/swisttal-quesnoy.de\/wp-content\/uploads\/2023\/04\/210911_gut-besuchtes-Hybrid-Konzert-2048x946.jpeg 2048w, https:\/\/swisttal-quesnoy.de\/wp-content\/uploads\/2023\/04\/210911_gut-besuchtes-Hybrid-Konzert-624x288.jpeg 624w\" sizes=\"auto, (max-width: 1024px) 100vw, 1024px\" \/><\/a><\/figure>\n\n\n\n<figure class=\"wp-block-image size-large\"><a href=\"http:\/\/swisttal-quesnoy.de\/wp-content\/uploads\/2023\/04\/210911_Ques-2-scaled.jpeg\"><img loading=\"lazy\" decoding=\"async\" width=\"1024\" height=\"473\" data-id=\"2156\" src=\"http:\/\/swisttal-quesnoy.de\/wp-content\/uploads\/2023\/04\/210911_Ques-2-1024x473.jpeg\" alt=\"\" class=\"wp-image-2156\" srcset=\"https:\/\/swisttal-quesnoy.de\/wp-content\/uploads\/2023\/04\/210911_Ques-2-1024x473.jpeg 1024w, https:\/\/swisttal-quesnoy.de\/wp-content\/uploads\/2023\/04\/210911_Ques-2-300x139.jpeg 300w, https:\/\/swisttal-quesnoy.de\/wp-content\/uploads\/2023\/04\/210911_Ques-2-768x355.jpeg 768w, https:\/\/swisttal-quesnoy.de\/wp-content\/uploads\/2023\/04\/210911_Ques-2-1536x709.jpeg 1536w, https:\/\/swisttal-quesnoy.de\/wp-content\/uploads\/2023\/04\/210911_Ques-2-2048x946.jpeg 2048w, https:\/\/swisttal-quesnoy.de\/wp-content\/uploads\/2023\/04\/210911_Ques-2-624x288.jpeg 624w\" sizes=\"auto, (max-width: 1024px) 100vw, 1024px\" \/><\/a><\/figure>\n\n\n\n<figure class=\"wp-block-image size-large\"><a href=\"http:\/\/swisttal-quesnoy.de\/wp-content\/uploads\/2023\/04\/210911_Rue-de-Buschhoven-scaled.jpeg\"><img loading=\"lazy\" decoding=\"async\" width=\"1024\" height=\"473\" data-id=\"2153\" src=\"http:\/\/swisttal-quesnoy.de\/wp-content\/uploads\/2023\/04\/210911_Rue-de-Buschhoven-1024x473.jpeg\" alt=\"\" class=\"wp-image-2153\" srcset=\"https:\/\/swisttal-quesnoy.de\/wp-content\/uploads\/2023\/04\/210911_Rue-de-Buschhoven-1024x473.jpeg 1024w, https:\/\/swisttal-quesnoy.de\/wp-content\/uploads\/2023\/04\/210911_Rue-de-Buschhoven-300x139.jpeg 300w, https:\/\/swisttal-quesnoy.de\/wp-content\/uploads\/2023\/04\/210911_Rue-de-Buschhoven-768x355.jpeg 768w, https:\/\/swisttal-quesnoy.de\/wp-content\/uploads\/2023\/04\/210911_Rue-de-Buschhoven-1536x709.jpeg 1536w, https:\/\/swisttal-quesnoy.de\/wp-content\/uploads\/2023\/04\/210911_Rue-de-Buschhoven-2048x946.jpeg 2048w, https:\/\/swisttal-quesnoy.de\/wp-content\/uploads\/2023\/04\/210911_Rue-de-Buschhoven-624x288.jpeg 624w\" sizes=\"auto, (max-width: 1024px) 100vw, 1024px\" \/><\/a><\/figure>\n\n\n\n<figure class=\"wp-block-image size-large\"><a href=\"http:\/\/swisttal-quesnoy.de\/wp-content\/uploads\/2023\/04\/210911_Soldatenfriedhof-scaled.jpeg\"><img loading=\"lazy\" decoding=\"async\" width=\"1024\" height=\"473\" data-id=\"2154\" src=\"http:\/\/swisttal-quesnoy.de\/wp-content\/uploads\/2023\/04\/210911_Soldatenfriedhof-1024x473.jpeg\" alt=\"\" class=\"wp-image-2154\" srcset=\"https:\/\/swisttal-quesnoy.de\/wp-content\/uploads\/2023\/04\/210911_Soldatenfriedhof-1024x473.jpeg 1024w, https:\/\/swisttal-quesnoy.de\/wp-content\/uploads\/2023\/04\/210911_Soldatenfriedhof-300x139.jpeg 300w, https:\/\/swisttal-quesnoy.de\/wp-content\/uploads\/2023\/04\/210911_Soldatenfriedhof-768x355.jpeg 768w, https:\/\/swisttal-quesnoy.de\/wp-content\/uploads\/2023\/04\/210911_Soldatenfriedhof-1536x709.jpeg 1536w, https:\/\/swisttal-quesnoy.de\/wp-content\/uploads\/2023\/04\/210911_Soldatenfriedhof-2048x946.jpeg 2048w, https:\/\/swisttal-quesnoy.de\/wp-content\/uploads\/2023\/04\/210911_Soldatenfriedhof-624x288.jpeg 624w\" sizes=\"auto, (max-width: 1024px) 100vw, 1024px\" \/><\/a><\/figure>\n\n\n\n<figure class=\"wp-block-image size-large\"><a href=\"http:\/\/swisttal-quesnoy.de\/wp-content\/uploads\/2023\/04\/210911_184348-scaled.jpeg\"><img loading=\"lazy\" decoding=\"async\" width=\"1024\" height=\"473\" data-id=\"2155\" src=\"http:\/\/swisttal-quesnoy.de\/wp-content\/uploads\/2023\/04\/210911_184348-1024x473.jpeg\" alt=\"\" class=\"wp-image-2155\" srcset=\"https:\/\/swisttal-quesnoy.de\/wp-content\/uploads\/2023\/04\/210911_184348-1024x473.jpeg 1024w, https:\/\/swisttal-quesnoy.de\/wp-content\/uploads\/2023\/04\/210911_184348-300x139.jpeg 300w, https:\/\/swisttal-quesnoy.de\/wp-content\/uploads\/2023\/04\/210911_184348-768x355.jpeg 768w, https:\/\/swisttal-quesnoy.de\/wp-content\/uploads\/2023\/04\/210911_184348-1536x709.jpeg 1536w, https:\/\/swisttal-quesnoy.de\/wp-content\/uploads\/2023\/04\/210911_184348-2048x946.jpeg 2048w, https:\/\/swisttal-quesnoy.de\/wp-content\/uploads\/2023\/04\/210911_184348-624x288.jpeg 624w\" sizes=\"auto, (max-width: 1024px) 100vw, 1024px\" \/><\/a><\/figure>\n<\/figure>\n\n\n\n<div data-wp-interactive=\"core\/file\" class=\"wp-block-file\"><object data-wp-bind--hidden=\"!state.hasPdfPreview\" hidden class=\"wp-block-file__embed\" data=\"http:\/\/swisttal-quesnoy.de\/wp-content\/uploads\/2023\/04\/2021-08-28-Blick-TW-Konzert.pdf\" type=\"application\/pdf\" style=\"width:100%;height:600px\" aria-label=\"Einbettung von 2021-08-28-Blick-TW-Konzert.\"><\/object><a id=\"wp-block-file--media-96371689-161f-4aca-a661-1ec5811353d4\" href=\"http:\/\/swisttal-quesnoy.de\/wp-content\/uploads\/2023\/04\/2021-08-28-Blick-TW-Konzert.pdf\">2021-08-28-Blick-TW-Konzert<\/a><a href=\"http:\/\/swisttal-quesnoy.de\/wp-content\/uploads\/2023\/04\/2021-08-28-Blick-TW-Konzert.pdf\" class=\"wp-block-file__button wp-element-button\" download aria-describedby=\"wp-block-file--media-96371689-161f-4aca-a661-1ec5811353d4\">Herunterladen<\/a><\/div>\n","protected":false},"excerpt":{"rendered":"<p>Zu Beethovens&nbsp;250. Geburtstag wollte die Region gro\u00df denken: Unter der Leitung der Musikschule wollten die Orchester der Kommunen und deren Partnerst\u00e4dten ein gemeinsames Konzert geben: &#8222;Die Jugend Europas trifft Beethoven&#8220;. Doch Corona sollte alles zunichte&nbsp;machen. Der Beharrlichkeit und Kreativit\u00e4t Claus Kratzenbergs, ehem. Leiter der Musikschule Voreifel, ist es zu verdanken, dass das am 11.9.2021 unter [&hellip;]<\/p>\n","protected":false},"author":1,"featured_media":2162,"comment_status":"open","ping_status":"open","sticky":false,"template":"","format":"standard","meta":{"footnotes":""},"categories":[2],"tags":[],"class_list":["post-2151","post","type-post","status-publish","format-standard","has-post-thumbnail","hentry","category-aktivitaeten"],"_links":{"self":[{"href":"https:\/\/swisttal-quesnoy.de\/index.php?rest_route=\/wp\/v2\/posts\/2151","targetHints":{"allow":["GET"]}}],"collection":[{"href":"https:\/\/swisttal-quesnoy.de\/index.php?rest_route=\/wp\/v2\/posts"}],"about":[{"href":"https:\/\/swisttal-quesnoy.de\/index.php?rest_route=\/wp\/v2\/types\/post"}],"author":[{"embeddable":true,"href":"https:\/\/swisttal-quesnoy.de\/index.php?rest_route=\/wp\/v2\/users\/1"}],"replies":[{"embeddable":true,"href":"https:\/\/swisttal-quesnoy.de\/index.php?rest_route=%2Fwp%2Fv2%2Fcomments&post=2151"}],"version-history":[{"count":1,"href":"https:\/\/swisttal-quesnoy.de\/index.php?rest_route=\/wp\/v2\/posts\/2151\/revisions"}],"predecessor-version":[{"id":2163,"href":"https:\/\/swisttal-quesnoy.de\/index.php?rest_route=\/wp\/v2\/posts\/2151\/revisions\/2163"}],"wp:featuredmedia":[{"embeddable":true,"href":"https:\/\/swisttal-quesnoy.de\/index.php?rest_route=\/wp\/v2\/media\/2162"}],"wp:attachment":[{"href":"https:\/\/swisttal-quesnoy.de\/index.php?rest_route=%2Fwp%2Fv2%2Fmedia&parent=2151"}],"wp:term":[{"taxonomy":"category","embeddable":true,"href":"https:\/\/swisttal-quesnoy.de\/index.php?rest_route=%2Fwp%2Fv2%2Fcategories&post=2151"},{"taxonomy":"post_tag","embeddable":true,"href":"https:\/\/swisttal-quesnoy.de\/index.php?rest_route=%2Fwp%2Fv2%2Ftags&post=2151"}],"curies":[{"name":"wp","href":"https:\/\/api.w.org\/{rel}","templated":true}]}}