{"id":2140,"date":"2021-07-14T14:20:00","date_gmt":"2021-07-14T12:20:00","guid":{"rendered":"http:\/\/swisttal-quesnoy.de\/?p=2140"},"modified":"2023-04-09T14:22:55","modified_gmt":"2023-04-09T12:22:55","slug":"flutgedenken-mit-den-quesnoyens","status":"publish","type":"post","link":"https:\/\/swisttal-quesnoy.de\/?p=2140","title":{"rendered":"Flutgedenken mit den Quesnoyens"},"content":{"rendered":"\n<p>Zum Flutgedenken am Jahrestag kam eine Delegation aus Quesnoy, angef\u00fchrt von der B\u00fcrgermeisterin&nbsp;Rose Marie&nbsp;Hallynck und Catherine Mille, Vorsitzende der Amis de Swisttal, dem Partnerschaftsverein in Quesnoy. Die franz\u00f6sischen Freunde nahmen nicht nur an der zentralen Gedenkveranstaltung teil,&nbsp;sondern auch am &#8222;Sommerfest mit Boule&#8220; des Partnerschaftsvereins. Am Sonntag f\u00fchrte B\u00fcrgermeisterin&nbsp;Kalkbrenner durch die Flutgebiete in Heimerzheim und Odendorf. Dabei legten die G\u00e4ste auch ein Blumengebinde am Gedenkstein in Odendorf nieder.<\/p>\n\n\n\n<p>Zum abschlie\u00dfenden Gespr\u00e4ch traf man sich im &#8222;Caf\u00e9 Klatsch&#8220;.<\/p>\n\n\n\n<figure class=\"wp-block-gallery has-nested-images columns-default is-cropped wp-block-gallery-1 is-layout-flex wp-block-gallery-is-layout-flex\">\n<figure class=\"wp-block-image size-large\"><a href=\"http:\/\/swisttal-quesnoy.de\/wp-content\/uploads\/2023\/04\/Flut-Informationen-vor-ort.jpeg\"><img loading=\"lazy\" decoding=\"async\" width=\"1024\" height=\"473\" data-id=\"2143\" src=\"http:\/\/swisttal-quesnoy.de\/wp-content\/uploads\/2023\/04\/Flut-Informationen-vor-ort-1024x473.jpeg\" alt=\"\" class=\"wp-image-2143\" srcset=\"https:\/\/swisttal-quesnoy.de\/wp-content\/uploads\/2023\/04\/Flut-Informationen-vor-ort-1024x473.jpeg 1024w, https:\/\/swisttal-quesnoy.de\/wp-content\/uploads\/2023\/04\/Flut-Informationen-vor-ort-300x139.jpeg 300w, https:\/\/swisttal-quesnoy.de\/wp-content\/uploads\/2023\/04\/Flut-Informationen-vor-ort-768x355.jpeg 768w, https:\/\/swisttal-quesnoy.de\/wp-content\/uploads\/2023\/04\/Flut-Informationen-vor-ort-1536x710.jpeg 1536w, https:\/\/swisttal-quesnoy.de\/wp-content\/uploads\/2023\/04\/Flut-Informationen-vor-ort-624x288.jpeg 624w, https:\/\/swisttal-quesnoy.de\/wp-content\/uploads\/2023\/04\/Flut-Informationen-vor-ort.jpeg 2048w\" sizes=\"auto, (max-width: 1024px) 100vw, 1024px\" \/><\/a><\/figure>\n\n\n\n<figure class=\"wp-block-image size-large\"><a href=\"http:\/\/swisttal-quesnoy.de\/wp-content\/uploads\/2023\/04\/Gesteck-am-Erinnerungsstein.jpeg\"><img loading=\"lazy\" decoding=\"async\" width=\"473\" height=\"1024\" data-id=\"2144\" src=\"http:\/\/swisttal-quesnoy.de\/wp-content\/uploads\/2023\/04\/Gesteck-am-Erinnerungsstein-473x1024.jpeg\" alt=\"\" class=\"wp-image-2144\" srcset=\"https:\/\/swisttal-quesnoy.de\/wp-content\/uploads\/2023\/04\/Gesteck-am-Erinnerungsstein-473x1024.jpeg 473w, https:\/\/swisttal-quesnoy.de\/wp-content\/uploads\/2023\/04\/Gesteck-am-Erinnerungsstein-139x300.jpeg 139w, https:\/\/swisttal-quesnoy.de\/wp-content\/uploads\/2023\/04\/Gesteck-am-Erinnerungsstein-768x1663.jpeg 768w, https:\/\/swisttal-quesnoy.de\/wp-content\/uploads\/2023\/04\/Gesteck-am-Erinnerungsstein-710x1536.jpeg 710w, https:\/\/swisttal-quesnoy.de\/wp-content\/uploads\/2023\/04\/Gesteck-am-Erinnerungsstein-624x1351.jpeg 624w, https:\/\/swisttal-quesnoy.de\/wp-content\/uploads\/2023\/04\/Gesteck-am-Erinnerungsstein.jpeg 946w\" sizes=\"auto, (max-width: 473px) 100vw, 473px\" \/><\/a><\/figure>\n\n\n\n<figure class=\"wp-block-image size-large\"><a href=\"http:\/\/swisttal-quesnoy.de\/wp-content\/uploads\/2023\/04\/Gesteckniederlage.jpeg\"><img loading=\"lazy\" decoding=\"async\" width=\"1024\" height=\"834\" data-id=\"2147\" src=\"http:\/\/swisttal-quesnoy.de\/wp-content\/uploads\/2023\/04\/Gesteckniederlage-1024x834.jpeg\" alt=\"\" class=\"wp-image-2147\" srcset=\"https:\/\/swisttal-quesnoy.de\/wp-content\/uploads\/2023\/04\/Gesteckniederlage-1024x834.jpeg 1024w, https:\/\/swisttal-quesnoy.de\/wp-content\/uploads\/2023\/04\/Gesteckniederlage-300x244.jpeg 300w, https:\/\/swisttal-quesnoy.de\/wp-content\/uploads\/2023\/04\/Gesteckniederlage-768x625.jpeg 768w, https:\/\/swisttal-quesnoy.de\/wp-content\/uploads\/2023\/04\/Gesteckniederlage-1536x1250.jpeg 1536w, https:\/\/swisttal-quesnoy.de\/wp-content\/uploads\/2023\/04\/Gesteckniederlage-624x508.jpeg 624w, https:\/\/swisttal-quesnoy.de\/wp-content\/uploads\/2023\/04\/Gesteckniederlage.jpeg 2048w\" sizes=\"auto, (max-width: 1024px) 100vw, 1024px\" \/><\/a><\/figure>\n\n\n\n<figure class=\"wp-block-image size-large\"><a href=\"http:\/\/swisttal-quesnoy.de\/wp-content\/uploads\/2023\/04\/Flutgedenken-2.jpeg\"><img loading=\"lazy\" decoding=\"async\" width=\"768\" height=\"1024\" data-id=\"2142\" src=\"http:\/\/swisttal-quesnoy.de\/wp-content\/uploads\/2023\/04\/Flutgedenken-2-768x1024.jpeg\" alt=\"\" class=\"wp-image-2142\" srcset=\"https:\/\/swisttal-quesnoy.de\/wp-content\/uploads\/2023\/04\/Flutgedenken-2-768x1024.jpeg 768w, https:\/\/swisttal-quesnoy.de\/wp-content\/uploads\/2023\/04\/Flutgedenken-2-225x300.jpeg 225w, https:\/\/swisttal-quesnoy.de\/wp-content\/uploads\/2023\/04\/Flutgedenken-2-624x832.jpeg 624w, https:\/\/swisttal-quesnoy.de\/wp-content\/uploads\/2023\/04\/Flutgedenken-2.jpeg 1080w\" sizes=\"auto, (max-width: 768px) 100vw, 768px\" \/><\/a><\/figure>\n\n\n\n<figure class=\"wp-block-image size-large\"><a href=\"http:\/\/swisttal-quesnoy.de\/wp-content\/uploads\/2023\/04\/Flutgedenken-3.jpeg\"><img loading=\"lazy\" decoding=\"async\" width=\"1024\" height=\"473\" data-id=\"2146\" src=\"http:\/\/swisttal-quesnoy.de\/wp-content\/uploads\/2023\/04\/Flutgedenken-3-1024x473.jpeg\" alt=\"\" class=\"wp-image-2146\" srcset=\"https:\/\/swisttal-quesnoy.de\/wp-content\/uploads\/2023\/04\/Flutgedenken-3-1024x473.jpeg 1024w, https:\/\/swisttal-quesnoy.de\/wp-content\/uploads\/2023\/04\/Flutgedenken-3-300x139.jpeg 300w, https:\/\/swisttal-quesnoy.de\/wp-content\/uploads\/2023\/04\/Flutgedenken-3-768x355.jpeg 768w, https:\/\/swisttal-quesnoy.de\/wp-content\/uploads\/2023\/04\/Flutgedenken-3-1536x710.jpeg 1536w, https:\/\/swisttal-quesnoy.de\/wp-content\/uploads\/2023\/04\/Flutgedenken-3-624x288.jpeg 624w, https:\/\/swisttal-quesnoy.de\/wp-content\/uploads\/2023\/04\/Flutgedenken-3.jpeg 2048w\" sizes=\"auto, (max-width: 1024px) 100vw, 1024px\" \/><\/a><\/figure>\n\n\n\n<figure class=\"wp-block-image size-large\"><a href=\"http:\/\/swisttal-quesnoy.de\/wp-content\/uploads\/2023\/04\/Flutgedenken-1.jpeg\"><img loading=\"lazy\" decoding=\"async\" width=\"960\" height=\"720\" data-id=\"2145\" src=\"http:\/\/swisttal-quesnoy.de\/wp-content\/uploads\/2023\/04\/Flutgedenken-1.jpeg\" alt=\"\" class=\"wp-image-2145\" srcset=\"https:\/\/swisttal-quesnoy.de\/wp-content\/uploads\/2023\/04\/Flutgedenken-1.jpeg 960w, https:\/\/swisttal-quesnoy.de\/wp-content\/uploads\/2023\/04\/Flutgedenken-1-300x225.jpeg 300w, https:\/\/swisttal-quesnoy.de\/wp-content\/uploads\/2023\/04\/Flutgedenken-1-768x576.jpeg 768w, https:\/\/swisttal-quesnoy.de\/wp-content\/uploads\/2023\/04\/Flutgedenken-1-624x468.jpeg 624w\" sizes=\"auto, (max-width: 960px) 100vw, 960px\" \/><\/a><\/figure>\n\n\n\n<figure class=\"wp-block-image size-large\"><a href=\"http:\/\/swisttal-quesnoy.de\/wp-content\/uploads\/2023\/04\/220717-Cafe-Klatsch1.jpeg\"><img loading=\"lazy\" decoding=\"async\" width=\"640\" height=\"480\" data-id=\"2148\" src=\"http:\/\/swisttal-quesnoy.de\/wp-content\/uploads\/2023\/04\/220717-Cafe-Klatsch1.jpeg\" alt=\"\" class=\"wp-image-2148\" srcset=\"https:\/\/swisttal-quesnoy.de\/wp-content\/uploads\/2023\/04\/220717-Cafe-Klatsch1.jpeg 640w, https:\/\/swisttal-quesnoy.de\/wp-content\/uploads\/2023\/04\/220717-Cafe-Klatsch1-300x225.jpeg 300w, https:\/\/swisttal-quesnoy.de\/wp-content\/uploads\/2023\/04\/220717-Cafe-Klatsch1-624x468.jpeg 624w\" sizes=\"auto, (max-width: 640px) 100vw, 640px\" \/><\/a><\/figure>\n<\/figure>\n\n\n\n<div data-wp-interactive=\"core\/file\" class=\"wp-block-file\"><object data-wp-bind--hidden=\"!state.hasPdfPreview\" hidden class=\"wp-block-file__embed\" data=\"http:\/\/swisttal-quesnoy.de\/wp-content\/uploads\/2023\/04\/Franzosen-Dank-fuer-Spende.pdf\" type=\"application\/pdf\" style=\"width:100%;height:600px\" aria-label=\"Einbettung von Franzosen-Dank-fuer-Spende.\"><\/object><a id=\"wp-block-file--media-ebcf3ac9-a08c-466a-a623-81bb27b2acf9\" href=\"http:\/\/swisttal-quesnoy.de\/wp-content\/uploads\/2023\/04\/Franzosen-Dank-fuer-Spende.pdf\">Franzosen-Dank-fuer-Spende<\/a><a href=\"http:\/\/swisttal-quesnoy.de\/wp-content\/uploads\/2023\/04\/Franzosen-Dank-fuer-Spende.pdf\" class=\"wp-block-file__button wp-element-button\" download aria-describedby=\"wp-block-file--media-ebcf3ac9-a08c-466a-a623-81bb27b2acf9\">Herunterladen<\/a><\/div>\n","protected":false},"excerpt":{"rendered":"<p>Zum Flutgedenken am Jahrestag kam eine Delegation aus Quesnoy, angef\u00fchrt von der B\u00fcrgermeisterin&nbsp;Rose Marie&nbsp;Hallynck und Catherine Mille, Vorsitzende der Amis de Swisttal, dem Partnerschaftsverein in Quesnoy. Die franz\u00f6sischen Freunde nahmen nicht nur an der zentralen Gedenkveranstaltung teil,&nbsp;sondern auch am &#8222;Sommerfest mit Boule&#8220; des Partnerschaftsvereins. Am Sonntag f\u00fchrte B\u00fcrgermeisterin&nbsp;Kalkbrenner durch die Flutgebiete in Heimerzheim und Odendorf. [&hellip;]<\/p>\n","protected":false},"author":1,"featured_media":0,"comment_status":"open","ping_status":"open","sticky":false,"template":"","format":"standard","meta":{"footnotes":""},"categories":[2,10],"tags":[],"class_list":["post-2140","post","type-post","status-publish","format-standard","hentry","category-aktivitaeten","category-aus-der-partnerstadt"],"_links":{"self":[{"href":"https:\/\/swisttal-quesnoy.de\/index.php?rest_route=\/wp\/v2\/posts\/2140","targetHints":{"allow":["GET"]}}],"collection":[{"href":"https:\/\/swisttal-quesnoy.de\/index.php?rest_route=\/wp\/v2\/posts"}],"about":[{"href":"https:\/\/swisttal-quesnoy.de\/index.php?rest_route=\/wp\/v2\/types\/post"}],"author":[{"embeddable":true,"href":"https:\/\/swisttal-quesnoy.de\/index.php?rest_route=\/wp\/v2\/users\/1"}],"replies":[{"embeddable":true,"href":"https:\/\/swisttal-quesnoy.de\/index.php?rest_route=%2Fwp%2Fv2%2Fcomments&post=2140"}],"version-history":[{"count":1,"href":"https:\/\/swisttal-quesnoy.de\/index.php?rest_route=\/wp\/v2\/posts\/2140\/revisions"}],"predecessor-version":[{"id":2150,"href":"https:\/\/swisttal-quesnoy.de\/index.php?rest_route=\/wp\/v2\/posts\/2140\/revisions\/2150"}],"wp:attachment":[{"href":"https:\/\/swisttal-quesnoy.de\/index.php?rest_route=%2Fwp%2Fv2%2Fmedia&parent=2140"}],"wp:term":[{"taxonomy":"category","embeddable":true,"href":"https:\/\/swisttal-quesnoy.de\/index.php?rest_route=%2Fwp%2Fv2%2Fcategories&post=2140"},{"taxonomy":"post_tag","embeddable":true,"href":"https:\/\/swisttal-quesnoy.de\/index.php?rest_route=%2Fwp%2Fv2%2Ftags&post=2140"}],"curies":[{"name":"wp","href":"https:\/\/api.w.org\/{rel}","templated":true}]}}