{"id":2129,"date":"2022-05-09T14:17:00","date_gmt":"2022-05-09T12:17:00","guid":{"rendered":"http:\/\/swisttal-quesnoy.de\/?p=2129"},"modified":"2023-04-09T14:20:07","modified_gmt":"2023-04-09T12:20:07","slug":"fahrt-zum-europatag-nach-quesnoy-im-mai-2022","status":"publish","type":"post","link":"https:\/\/swisttal-quesnoy.de\/?p=2129","title":{"rendered":"Fahrt zum Europatag nach Quesnoy im Mai 2022"},"content":{"rendered":"\n<p>Mai-Wochenende in unserer Partnergemeinde Qusenoy-sur-Deule<\/p>\n\n\n\n<p>Zum Europatag in Quesnoy brachten wir Rheinl\u00e4nder auch unsere Tradition in die Partnerstadt: Wir stellten unseren lieben Freunden einen Maibaum auf und stie\u00dfen darauf mit Maibowle an &#8230;.&nbsp;ein herrliches, unbekanntes Vergn\u00fcgen f\u00fcr die Franzosen!<\/p>\n\n\n\n<p>Am Abend folgte ein phantastisches gemeinsames Konzert der Philharmonie de Quesnoy-Sur-Deule und <a><\/a>der Philharmonie d\u2019Ascq. Am Sonntag gedachten wir gemeinsam dem Kriegsende. Der Europatag diente der St\u00e4rkung und Bekr\u00e4ftigung unserer deutsch-franz\u00f6sischen Freundschaft&nbsp;und fand seinen H\u00f6hepunkt in einem lebendigen Wortbild &#8222;PAIX&#8220; (Frieden) (siehe Foto)<\/p>\n\n\n\n<p>Die V\u00f6lkerverst\u00e4ndigung wurde an diesem sonnigen, gut organisierten Wochenende Wirklichkeit beim Treffen mit unseren Gastfamilien und Freunden. Vielen Dank f\u00fcr die herzliche Aufnahme in Quesnoy. Unser Besuch war wieder ein unvergessliches Erlebnis. Wir freuen uns schon jetzt auf ein Wiedersehen.<\/p>\n\n\n\n<figure class=\"wp-block-gallery has-nested-images columns-default is-cropped wp-block-gallery-1 is-layout-flex wp-block-gallery-is-layout-flex\">\n<figure class=\"wp-block-image size-large\"><a href=\"http:\/\/swisttal-quesnoy.de\/wp-content\/uploads\/2023\/04\/Europa-Frieden.jpeg\"><img loading=\"lazy\" decoding=\"async\" width=\"1024\" height=\"768\" data-id=\"2133\" src=\"http:\/\/swisttal-quesnoy.de\/wp-content\/uploads\/2023\/04\/Europa-Frieden-1024x768.jpeg\" alt=\"\" class=\"wp-image-2133\" srcset=\"https:\/\/swisttal-quesnoy.de\/wp-content\/uploads\/2023\/04\/Europa-Frieden-1024x768.jpeg 1024w, https:\/\/swisttal-quesnoy.de\/wp-content\/uploads\/2023\/04\/Europa-Frieden-300x225.jpeg 300w, https:\/\/swisttal-quesnoy.de\/wp-content\/uploads\/2023\/04\/Europa-Frieden-768x576.jpeg 768w, https:\/\/swisttal-quesnoy.de\/wp-content\/uploads\/2023\/04\/Europa-Frieden-1536x1152.jpeg 1536w, https:\/\/swisttal-quesnoy.de\/wp-content\/uploads\/2023\/04\/Europa-Frieden-624x468.jpeg 624w, https:\/\/swisttal-quesnoy.de\/wp-content\/uploads\/2023\/04\/Europa-Frieden.jpeg 2048w\" sizes=\"auto, (max-width: 1024px) 100vw, 1024px\" \/><\/a><\/figure>\n\n\n\n<figure class=\"wp-block-image size-large\"><a href=\"http:\/\/swisttal-quesnoy.de\/wp-content\/uploads\/2023\/04\/Maibegruessung.jpeg\"><img loading=\"lazy\" decoding=\"async\" width=\"1024\" height=\"473\" data-id=\"2136\" src=\"http:\/\/swisttal-quesnoy.de\/wp-content\/uploads\/2023\/04\/Maibegruessung-1024x473.jpeg\" alt=\"\" class=\"wp-image-2136\" srcset=\"https:\/\/swisttal-quesnoy.de\/wp-content\/uploads\/2023\/04\/Maibegruessung-1024x473.jpeg 1024w, https:\/\/swisttal-quesnoy.de\/wp-content\/uploads\/2023\/04\/Maibegruessung-300x139.jpeg 300w, https:\/\/swisttal-quesnoy.de\/wp-content\/uploads\/2023\/04\/Maibegruessung-768x355.jpeg 768w, https:\/\/swisttal-quesnoy.de\/wp-content\/uploads\/2023\/04\/Maibegruessung-1536x710.jpeg 1536w, https:\/\/swisttal-quesnoy.de\/wp-content\/uploads\/2023\/04\/Maibegruessung-624x288.jpeg 624w, https:\/\/swisttal-quesnoy.de\/wp-content\/uploads\/2023\/04\/Maibegruessung.jpeg 2048w\" sizes=\"auto, (max-width: 1024px) 100vw, 1024px\" \/><\/a><\/figure>\n\n\n\n<figure class=\"wp-block-image size-large\"><a href=\"http:\/\/swisttal-quesnoy.de\/wp-content\/uploads\/2023\/04\/Maibaum-am-rathaus-in-Quesnoy.jpeg\"><img loading=\"lazy\" decoding=\"async\" width=\"756\" height=\"1024\" data-id=\"2135\" src=\"http:\/\/swisttal-quesnoy.de\/wp-content\/uploads\/2023\/04\/Maibaum-am-rathaus-in-Quesnoy-756x1024.jpeg\" alt=\"\" class=\"wp-image-2135\" srcset=\"https:\/\/swisttal-quesnoy.de\/wp-content\/uploads\/2023\/04\/Maibaum-am-rathaus-in-Quesnoy-756x1024.jpeg 756w, https:\/\/swisttal-quesnoy.de\/wp-content\/uploads\/2023\/04\/Maibaum-am-rathaus-in-Quesnoy-221x300.jpeg 221w, https:\/\/swisttal-quesnoy.de\/wp-content\/uploads\/2023\/04\/Maibaum-am-rathaus-in-Quesnoy-768x1040.jpeg 768w, https:\/\/swisttal-quesnoy.de\/wp-content\/uploads\/2023\/04\/Maibaum-am-rathaus-in-Quesnoy-1134x1536.jpeg 1134w, https:\/\/swisttal-quesnoy.de\/wp-content\/uploads\/2023\/04\/Maibaum-am-rathaus-in-Quesnoy-624x845.jpeg 624w, https:\/\/swisttal-quesnoy.de\/wp-content\/uploads\/2023\/04\/Maibaum-am-rathaus-in-Quesnoy.jpeg 1512w\" sizes=\"auto, (max-width: 756px) 100vw, 756px\" \/><\/a><\/figure>\n\n\n\n<figure class=\"wp-block-image size-large\"><a href=\"http:\/\/swisttal-quesnoy.de\/wp-content\/uploads\/2023\/04\/Europakonzert-Philharmonie.jpeg\"><img loading=\"lazy\" decoding=\"async\" width=\"1024\" height=\"768\" data-id=\"2134\" src=\"http:\/\/swisttal-quesnoy.de\/wp-content\/uploads\/2023\/04\/Europakonzert-Philharmonie-1024x768.jpeg\" alt=\"\" class=\"wp-image-2134\" srcset=\"https:\/\/swisttal-quesnoy.de\/wp-content\/uploads\/2023\/04\/Europakonzert-Philharmonie-1024x768.jpeg 1024w, https:\/\/swisttal-quesnoy.de\/wp-content\/uploads\/2023\/04\/Europakonzert-Philharmonie-300x225.jpeg 300w, https:\/\/swisttal-quesnoy.de\/wp-content\/uploads\/2023\/04\/Europakonzert-Philharmonie-768x576.jpeg 768w, https:\/\/swisttal-quesnoy.de\/wp-content\/uploads\/2023\/04\/Europakonzert-Philharmonie-1536x1152.jpeg 1536w, https:\/\/swisttal-quesnoy.de\/wp-content\/uploads\/2023\/04\/Europakonzert-Philharmonie-624x468.jpeg 624w, https:\/\/swisttal-quesnoy.de\/wp-content\/uploads\/2023\/04\/Europakonzert-Philharmonie.jpeg 2048w\" sizes=\"auto, (max-width: 1024px) 100vw, 1024px\" \/><\/a><\/figure>\n\n\n\n<figure class=\"wp-block-image size-large\"><a href=\"http:\/\/swisttal-quesnoy.de\/wp-content\/uploads\/2023\/04\/Maibaum-komplett.jpeg\"><img loading=\"lazy\" decoding=\"async\" width=\"473\" height=\"1024\" data-id=\"2131\" src=\"http:\/\/swisttal-quesnoy.de\/wp-content\/uploads\/2023\/04\/Maibaum-komplett-473x1024.jpeg\" alt=\"\" class=\"wp-image-2131\" srcset=\"https:\/\/swisttal-quesnoy.de\/wp-content\/uploads\/2023\/04\/Maibaum-komplett-473x1024.jpeg 473w, https:\/\/swisttal-quesnoy.de\/wp-content\/uploads\/2023\/04\/Maibaum-komplett-139x300.jpeg 139w, https:\/\/swisttal-quesnoy.de\/wp-content\/uploads\/2023\/04\/Maibaum-komplett-768x1663.jpeg 768w, https:\/\/swisttal-quesnoy.de\/wp-content\/uploads\/2023\/04\/Maibaum-komplett-710x1536.jpeg 710w, https:\/\/swisttal-quesnoy.de\/wp-content\/uploads\/2023\/04\/Maibaum-komplett-624x1351.jpeg 624w, https:\/\/swisttal-quesnoy.de\/wp-content\/uploads\/2023\/04\/Maibaum-komplett.jpeg 946w\" sizes=\"auto, (max-width: 473px) 100vw, 473px\" \/><\/a><\/figure>\n\n\n\n<figure class=\"wp-block-image size-large\"><a href=\"http:\/\/swisttal-quesnoy.de\/wp-content\/uploads\/2023\/04\/Maibaumschmuecken.jpeg\"><img loading=\"lazy\" decoding=\"async\" width=\"1024\" height=\"472\" data-id=\"2132\" src=\"http:\/\/swisttal-quesnoy.de\/wp-content\/uploads\/2023\/04\/Maibaumschmuecken-1024x472.jpeg\" alt=\"\" class=\"wp-image-2132\" srcset=\"https:\/\/swisttal-quesnoy.de\/wp-content\/uploads\/2023\/04\/Maibaumschmuecken-1024x472.jpeg 1024w, https:\/\/swisttal-quesnoy.de\/wp-content\/uploads\/2023\/04\/Maibaumschmuecken-300x138.jpeg 300w, https:\/\/swisttal-quesnoy.de\/wp-content\/uploads\/2023\/04\/Maibaumschmuecken-768x354.jpeg 768w, https:\/\/swisttal-quesnoy.de\/wp-content\/uploads\/2023\/04\/Maibaumschmuecken-1536x708.jpeg 1536w, https:\/\/swisttal-quesnoy.de\/wp-content\/uploads\/2023\/04\/Maibaumschmuecken-624x288.jpeg 624w, https:\/\/swisttal-quesnoy.de\/wp-content\/uploads\/2023\/04\/Maibaumschmuecken.jpeg 2048w\" sizes=\"auto, (max-width: 1024px) 100vw, 1024px\" \/><\/a><\/figure>\n\n\n\n<figure class=\"wp-block-image size-large\"><a href=\"http:\/\/swisttal-quesnoy.de\/wp-content\/uploads\/2023\/04\/Maibowle-in-Quesnoy.jpeg\"><img loading=\"lazy\" decoding=\"async\" width=\"1024\" height=\"473\" data-id=\"2137\" src=\"http:\/\/swisttal-quesnoy.de\/wp-content\/uploads\/2023\/04\/Maibowle-in-Quesnoy-1024x473.jpeg\" alt=\"\" class=\"wp-image-2137\" srcset=\"https:\/\/swisttal-quesnoy.de\/wp-content\/uploads\/2023\/04\/Maibowle-in-Quesnoy-1024x473.jpeg 1024w, https:\/\/swisttal-quesnoy.de\/wp-content\/uploads\/2023\/04\/Maibowle-in-Quesnoy-300x139.jpeg 300w, https:\/\/swisttal-quesnoy.de\/wp-content\/uploads\/2023\/04\/Maibowle-in-Quesnoy-768x355.jpeg 768w, https:\/\/swisttal-quesnoy.de\/wp-content\/uploads\/2023\/04\/Maibowle-in-Quesnoy-624x288.jpeg 624w, https:\/\/swisttal-quesnoy.de\/wp-content\/uploads\/2023\/04\/Maibowle-in-Quesnoy.jpeg 1385w\" sizes=\"auto, (max-width: 1024px) 100vw, 1024px\" \/><\/a><\/figure>\n\n\n\n<figure class=\"wp-block-image size-large\"><a href=\"http:\/\/swisttal-quesnoy.de\/wp-content\/uploads\/2023\/04\/Maibowle-in-Quesnoy-2.jpeg\"><img loading=\"lazy\" decoding=\"async\" width=\"1024\" height=\"473\" data-id=\"2138\" src=\"http:\/\/swisttal-quesnoy.de\/wp-content\/uploads\/2023\/04\/Maibowle-in-Quesnoy-2-1024x473.jpeg\" alt=\"\" class=\"wp-image-2138\" srcset=\"https:\/\/swisttal-quesnoy.de\/wp-content\/uploads\/2023\/04\/Maibowle-in-Quesnoy-2-1024x473.jpeg 1024w, https:\/\/swisttal-quesnoy.de\/wp-content\/uploads\/2023\/04\/Maibowle-in-Quesnoy-2-300x139.jpeg 300w, https:\/\/swisttal-quesnoy.de\/wp-content\/uploads\/2023\/04\/Maibowle-in-Quesnoy-2-768x355.jpeg 768w, https:\/\/swisttal-quesnoy.de\/wp-content\/uploads\/2023\/04\/Maibowle-in-Quesnoy-2-624x288.jpeg 624w, https:\/\/swisttal-quesnoy.de\/wp-content\/uploads\/2023\/04\/Maibowle-in-Quesnoy-2.jpeg 1385w\" sizes=\"auto, (max-width: 1024px) 100vw, 1024px\" \/><\/a><\/figure>\n<\/figure>\n","protected":false},"excerpt":{"rendered":"<p>Mai-Wochenende in unserer Partnergemeinde Qusenoy-sur-Deule Zum Europatag in Quesnoy brachten wir Rheinl\u00e4nder auch unsere Tradition in die Partnerstadt: Wir stellten unseren lieben Freunden einen Maibaum auf und stie\u00dfen darauf mit Maibowle an &#8230;.&nbsp;ein herrliches, unbekanntes Vergn\u00fcgen f\u00fcr die Franzosen! Am Abend folgte ein phantastisches gemeinsames Konzert der Philharmonie de Quesnoy-Sur-Deule und der Philharmonie d\u2019Ascq. Am [&hellip;]<\/p>\n","protected":false},"author":1,"featured_media":2133,"comment_status":"open","ping_status":"open","sticky":false,"template":"","format":"standard","meta":{"footnotes":""},"categories":[2,10],"tags":[],"class_list":["post-2129","post","type-post","status-publish","format-standard","has-post-thumbnail","hentry","category-aktivitaeten","category-aus-der-partnerstadt"],"_links":{"self":[{"href":"https:\/\/swisttal-quesnoy.de\/index.php?rest_route=\/wp\/v2\/posts\/2129","targetHints":{"allow":["GET"]}}],"collection":[{"href":"https:\/\/swisttal-quesnoy.de\/index.php?rest_route=\/wp\/v2\/posts"}],"about":[{"href":"https:\/\/swisttal-quesnoy.de\/index.php?rest_route=\/wp\/v2\/types\/post"}],"author":[{"embeddable":true,"href":"https:\/\/swisttal-quesnoy.de\/index.php?rest_route=\/wp\/v2\/users\/1"}],"replies":[{"embeddable":true,"href":"https:\/\/swisttal-quesnoy.de\/index.php?rest_route=%2Fwp%2Fv2%2Fcomments&post=2129"}],"version-history":[{"count":1,"href":"https:\/\/swisttal-quesnoy.de\/index.php?rest_route=\/wp\/v2\/posts\/2129\/revisions"}],"predecessor-version":[{"id":2139,"href":"https:\/\/swisttal-quesnoy.de\/index.php?rest_route=\/wp\/v2\/posts\/2129\/revisions\/2139"}],"wp:featuredmedia":[{"embeddable":true,"href":"https:\/\/swisttal-quesnoy.de\/index.php?rest_route=\/wp\/v2\/media\/2133"}],"wp:attachment":[{"href":"https:\/\/swisttal-quesnoy.de\/index.php?rest_route=%2Fwp%2Fv2%2Fmedia&parent=2129"}],"wp:term":[{"taxonomy":"category","embeddable":true,"href":"https:\/\/swisttal-quesnoy.de\/index.php?rest_route=%2Fwp%2Fv2%2Fcategories&post=2129"},{"taxonomy":"post_tag","embeddable":true,"href":"https:\/\/swisttal-quesnoy.de\/index.php?rest_route=%2Fwp%2Fv2%2Ftags&post=2129"}],"curies":[{"name":"wp","href":"https:\/\/api.w.org\/{rel}","templated":true}]}}