{"id":2119,"date":"2023-04-09T14:13:52","date_gmt":"2023-04-09T12:13:52","guid":{"rendered":"http:\/\/swisttal-quesnoy.de\/?p=2119"},"modified":"2023-10-04T09:30:05","modified_gmt":"2023-10-04T07:30:05","slug":"kunst-verbindet-partnerschaftsverein-plant-deutsch-franzoesische-kunstausstellung-liaisons","status":"publish","type":"post","link":"https:\/\/swisttal-quesnoy.de\/?p=2119","title":{"rendered":"Kunst verbindet &#8211; Partnerschaftsverein plant deutsch-franz\u00f6sische Kunstausstellung &#8222;Liaisons&#8220;"},"content":{"rendered":"\n<p><strong>Partnerschaftsverein plant deutsch-franz\u00f6sische Kunstausstellung<\/strong><\/p>\n\n\n\n<p>An alle Kunstschaffenden in Swisttal und Quesnoy<\/p>\n\n\n\n<p>Der Partnerschaftsverein Swisttal \/\/ Quesnoy-sur De\u00fble plant eine Kunstausstellung zum Thema<\/p>\n\n\n\n<p class=\"has-text-align-center\"><strong>\u201eLiaisons &#8211;<\/strong>&nbsp;<strong>Verbindungen<\/strong>\u201c.<\/p>\n\n\n\n<p>Hier k\u00f6nnen kreative B\u00fcrgerinnen und B\u00fcrger in den beiden Partnerschaftsgemeinden Swisttal und Quesnoy-sur-De\u00fble in&nbsp;<\/p>\n\n\n\n<p class=\"has-text-align-center\"><strong>einer gemeinsamen Ausstellung<\/strong><\/p>\n\n\n\n<p>ihre k\u00fcnstlerischen Arbeiten zum Thema \u201eVerbindungen\u201c vorstellen. Damit will der Verein ein Forum schaffen, zum gemeinsamen Dialog von Kunstschaffenden und Besuchern und so zum gegenseitigen Verst\u00e4ndnis beitragen.<\/p>\n\n\n\n<p>Die Ausstellung soll&nbsp;vom 30. 9. 2023 bis zum 8. 10. 2023&nbsp;im Rathaus Ludendorf gezeigt werden, und zu einem anderen Zeitpunkt auch in der Partnerstadt.<\/p>\n\n\n\n<p>Wer Interesse an der Teilnahme hat, kann sich mit einer kurzen Angabe seiner k\u00fcnstlerischen T\u00e4tigkeit inklusive Fotos und Beschreibung (auch Gr\u00f6\u00dfe) seiner Arbeiten&nbsp;bis zum 31.7.2023&nbsp;bewerben.<\/p>\n\n\n\n<p>Dazu melden Sie sich bitte <a href=\"http:\/\/swisttal-quesnoy.de\/?page_id=2213\" data-type=\"page\" data-id=\"2213\">HIER<\/a> online an und schicken bis zum 31.7.2023<br>aussagef\u00e4hige Fotos an <a href=\"mailto:kontakt@swisttal-quesnoy.de\">kontakt@swisttal-quesnoy.de<\/a>. Die jurierten Werke bringen Sie nach Absprache ins Rathaus.<\/p>\n\n\n\n<p>Weitere Informationen gibt die Vorsitzende des Partnerschaftsvereins, Monika Wolf-Umhauer, unter&nbsp;<a href=\"mailto:kontakt@swisttal-quesnoy.de\">kontakt@swisttal-quesnoy.de<\/a>.<\/p>\n\n\n\n<p>Der Verein freut sich auf eine rege Teilnahme.\u00a0<\/p>\n\n\n\n<hr class=\"wp-block-separator has-alpha-channel-opacity\"\/>\n\n\n\n<div class=\"wp-block-file\"><a id=\"wp-block-file--media-51516b11-7df2-458f-96ed-396a79a45b27\" href=\"http:\/\/swisttal-quesnoy.de\/wp-content\/uploads\/2023\/04\/PM-Aufruf-zur-Kunstausstellung.pdf\">PM-Aufruf-zur-Kunstausstellung<\/a><a href=\"http:\/\/swisttal-quesnoy.de\/wp-content\/uploads\/2023\/04\/PM-Aufruf-zur-Kunstausstellung.pdf\" class=\"wp-block-file__button wp-element-button\" download aria-describedby=\"wp-block-file--media-51516b11-7df2-458f-96ed-396a79a45b27\">Herunterladen<\/a><\/div>\n\n\n\n<div class=\"wp-block-file\"><a id=\"wp-block-file--media-ac7f703f-63d9-4eaf-b3d0-c38c2d9078b9\" href=\"http:\/\/swisttal-quesnoy.de\/wp-content\/uploads\/2023\/04\/Ausschreibung-Kunstausstellung-Homepage.pdf\">Ausschreibung-Kunstausstellung-Homepage<\/a><a href=\"http:\/\/swisttal-quesnoy.de\/wp-content\/uploads\/2023\/04\/Ausschreibung-Kunstausstellung-Homepage.pdf\" class=\"wp-block-file__button wp-element-button\" download aria-describedby=\"wp-block-file--media-ac7f703f-63d9-4eaf-b3d0-c38c2d9078b9\">Herunterladen<\/a><\/div>\n","protected":false},"excerpt":{"rendered":"<p>Partnerschaftsverein plant deutsch-franz\u00f6sische Kunstausstellung An alle Kunstschaffenden in Swisttal und Quesnoy Der Partnerschaftsverein Swisttal \/\/ Quesnoy-sur De\u00fble plant eine Kunstausstellung zum Thema \u201eLiaisons &#8211;&nbsp;Verbindungen\u201c. Hier k\u00f6nnen kreative B\u00fcrgerinnen und B\u00fcrger in den beiden Partnerschaftsgemeinden Swisttal und Quesnoy-sur-De\u00fble in&nbsp; einer gemeinsamen Ausstellung ihre k\u00fcnstlerischen Arbeiten zum Thema \u201eVerbindungen\u201c vorstellen. Damit will der Verein ein Forum schaffen, [&hellip;]<\/p>\n","protected":false},"author":1,"featured_media":0,"comment_status":"open","ping_status":"open","sticky":false,"template":"","format":"standard","meta":{"footnotes":""},"categories":[2],"tags":[],"class_list":["post-2119","post","type-post","status-publish","format-standard","hentry","category-aktivitaeten"],"_links":{"self":[{"href":"https:\/\/swisttal-quesnoy.de\/index.php?rest_route=\/wp\/v2\/posts\/2119","targetHints":{"allow":["GET"]}}],"collection":[{"href":"https:\/\/swisttal-quesnoy.de\/index.php?rest_route=\/wp\/v2\/posts"}],"about":[{"href":"https:\/\/swisttal-quesnoy.de\/index.php?rest_route=\/wp\/v2\/types\/post"}],"author":[{"embeddable":true,"href":"https:\/\/swisttal-quesnoy.de\/index.php?rest_route=\/wp\/v2\/users\/1"}],"replies":[{"embeddable":true,"href":"https:\/\/swisttal-quesnoy.de\/index.php?rest_route=%2Fwp%2Fv2%2Fcomments&post=2119"}],"version-history":[{"count":7,"href":"https:\/\/swisttal-quesnoy.de\/index.php?rest_route=\/wp\/v2\/posts\/2119\/revisions"}],"predecessor-version":[{"id":2246,"href":"https:\/\/swisttal-quesnoy.de\/index.php?rest_route=\/wp\/v2\/posts\/2119\/revisions\/2246"}],"wp:attachment":[{"href":"https:\/\/swisttal-quesnoy.de\/index.php?rest_route=%2Fwp%2Fv2%2Fmedia&parent=2119"}],"wp:term":[{"taxonomy":"category","embeddable":true,"href":"https:\/\/swisttal-quesnoy.de\/index.php?rest_route=%2Fwp%2Fv2%2Fcategories&post=2119"},{"taxonomy":"post_tag","embeddable":true,"href":"https:\/\/swisttal-quesnoy.de\/index.php?rest_route=%2Fwp%2Fv2%2Ftags&post=2119"}],"curies":[{"name":"wp","href":"https:\/\/api.w.org\/{rel}","templated":true}]}}