{"id":1953,"date":"2022-04-15T22:27:00","date_gmt":"2022-04-15T20:27:00","guid":{"rendered":"http:\/\/swisttal-quesnoy.de\/?p=1953"},"modified":"2022-04-16T22:28:36","modified_gmt":"2022-04-16T20:28:36","slug":"fahrt-nach-quesnoy","status":"publish","type":"post","link":"https:\/\/swisttal-quesnoy.de\/?p=1953","title":{"rendered":"Fahrt nach Quesnoy"},"content":{"rendered":"\n<p>Liebe Mitglieder und Frankreichfreunde,<\/p>\n\n\n\n<p>p\u00fcnktlich zur gestrigen Vorstandssitzung haben sich bereits 22 Personen angemeldet zu unserer Fahrt nach Quesnoy zum &#8222;Europatag&#8220;. Angesichts dieser erfreulichen Teilnehmerzahl hat der Vorstand beschlossen, die Zur\u00fcckhaltung aufzugeben und einen gro\u00dfen Bus mit 48 Sitzpl\u00e4tzen zu buchen. Dies ist bereits geschehen &#8211; wir haben also&nbsp;noch Pl\u00e4tze frei&nbsp;und Sie k\u00f6nnen sich selbst noch anmelden oder liebe Freunde, Nachbarn und Bekannte werben! (Erwachsene Mitglieder zahlen als Fahrtkostenanteil 40\u20ac, Nichtmitglieder 50\u20ac pro Person. Kinder und Jugendliche sind frei.<strong>*)&nbsp;<\/strong><\/p>\n\n\n\n<p>Damit Ihnen das Werben leichter&nbsp;f\u00e4llt, hat uns auch Catherine Mille&nbsp;die erste grobe Programmskizze&nbsp;f\u00fcr unseren Aufenthalt dort mitgeteilt &#8211; Sie finden&nbsp;sie im Anhang.&nbsp;<\/p>\n\n\n\n<p>Zur Aufkl\u00e4rung f\u00fcr die &#8222;neuen&#8220; Teilnehmer: Die St\u00e4dtepartnerschaft in den fr\u00fchen 70ger Jahren begann damit, dass Buschhovener Jugendliche in den Ferien den dortigen Soldatenfriedhof pflegen, dort liegen ca 2500 deutsche Soldaten. Au\u00dferdem gibt es &#8211; da im Raum Ypern nahe der belgischen Grenze gelegen &#8211; viele weitere Soldatenfriedh\u00f6fe aus dem ersten und&nbsp;2. Weltkrieg. Daher ist es Tradition bei &#8222;offiziellen&#8220; Besuchen, am deutschen Soldatenfriedhof einen Kranz niederzulegen &#8211; oder, wie in diesem Fall beim Europatag, am zentralen Ehrenmal innezuhalten.<\/p>\n\n\n\n<p>Weiterer Hinweis: In Quesnoy, ca 7000 Einwohner, gibt es sonntags vormittags einen Markt sowohl mit landwirtschaftlichen&nbsp;Produkten\/Lebensmitteln als auch mit Kleidung und Haushaltswaren. Typisch franz\u00f6sisch und immer wieder einen Rundgang wert!<\/p>\n\n\n\n<p>Freuen Sie sich auf unsere&nbsp;Fahrt &#8211; und \u00fcberzeugen Sie weitere Mitfahrer!<\/p>\n\n\n\n<p>Bis bald bei der Mitgliederversammlung am 25.4. in Buschhoven<\/p>\n\n\n\n<p>Ihre<\/p>\n\n\n\n<p>Monika Wolf-Umhauer<\/p>\n\n\n\n<p><strong>*)<\/strong>&nbsp;Ihre Anmeldung wird verbindlich durch Einzahlung des Fahrtkostenanteils auf unser Vereinskonto&nbsp;bis sp\u00e4testens 30.4.<\/p>\n\n\n\n<div data-wp-interactive=\"core\/file\" class=\"wp-block-file\"><object data-wp-bind--hidden=\"!state.hasPdfPreview\" hidden class=\"wp-block-file__embed\" data=\"http:\/\/swisttal-quesnoy.de\/wp-content\/uploads\/2022\/04\/Geplantes-Programm.pdf\" type=\"application\/pdf\" style=\"width:100%;height:600px\" aria-label=\"Einbettung von Einbettung von Geplantes-Programm..\"><\/object><a id=\"wp-block-file--media-66595741-5970-4de9-b337-823b5874d774\" href=\"http:\/\/swisttal-quesnoy.de\/wp-content\/uploads\/2022\/04\/Geplantes-Programm.pdf\">Geplantes-Programm<\/a><a href=\"http:\/\/swisttal-quesnoy.de\/wp-content\/uploads\/2022\/04\/Geplantes-Programm.pdf\" class=\"wp-block-file__button\" download aria-describedby=\"wp-block-file--media-66595741-5970-4de9-b337-823b5874d774\">Herunterladen<\/a><\/div>\n","protected":false},"excerpt":{"rendered":"<p>Liebe Mitglieder und Frankreichfreunde, p\u00fcnktlich zur gestrigen Vorstandssitzung haben sich bereits 22 Personen angemeldet zu unserer Fahrt nach Quesnoy zum &#8222;Europatag&#8220;. Angesichts dieser erfreulichen Teilnehmerzahl hat der Vorstand beschlossen, die Zur\u00fcckhaltung aufzugeben und einen gro\u00dfen Bus mit 48 Sitzpl\u00e4tzen zu buchen. Dies ist bereits geschehen &#8211; wir haben also&nbsp;noch Pl\u00e4tze frei&nbsp;und Sie k\u00f6nnen sich selbst [&hellip;]<\/p>\n","protected":false},"author":1,"featured_media":0,"comment_status":"open","ping_status":"open","sticky":false,"template":"","format":"standard","meta":{"footnotes":""},"categories":[2],"tags":[],"class_list":["post-1953","post","type-post","status-publish","format-standard","hentry","category-aktivitaeten"],"_links":{"self":[{"href":"https:\/\/swisttal-quesnoy.de\/index.php?rest_route=\/wp\/v2\/posts\/1953","targetHints":{"allow":["GET"]}}],"collection":[{"href":"https:\/\/swisttal-quesnoy.de\/index.php?rest_route=\/wp\/v2\/posts"}],"about":[{"href":"https:\/\/swisttal-quesnoy.de\/index.php?rest_route=\/wp\/v2\/types\/post"}],"author":[{"embeddable":true,"href":"https:\/\/swisttal-quesnoy.de\/index.php?rest_route=\/wp\/v2\/users\/1"}],"replies":[{"embeddable":true,"href":"https:\/\/swisttal-quesnoy.de\/index.php?rest_route=%2Fwp%2Fv2%2Fcomments&post=1953"}],"version-history":[{"count":1,"href":"https:\/\/swisttal-quesnoy.de\/index.php?rest_route=\/wp\/v2\/posts\/1953\/revisions"}],"predecessor-version":[{"id":1956,"href":"https:\/\/swisttal-quesnoy.de\/index.php?rest_route=\/wp\/v2\/posts\/1953\/revisions\/1956"}],"wp:attachment":[{"href":"https:\/\/swisttal-quesnoy.de\/index.php?rest_route=%2Fwp%2Fv2%2Fmedia&parent=1953"}],"wp:term":[{"taxonomy":"category","embeddable":true,"href":"https:\/\/swisttal-quesnoy.de\/index.php?rest_route=%2Fwp%2Fv2%2Fcategories&post=1953"},{"taxonomy":"post_tag","embeddable":true,"href":"https:\/\/swisttal-quesnoy.de\/index.php?rest_route=%2Fwp%2Fv2%2Ftags&post=1953"}],"curies":[{"name":"wp","href":"https:\/\/api.w.org\/{rel}","templated":true}]}}