{"id":1930,"date":"2022-04-01T08:22:19","date_gmt":"2022-04-01T06:22:19","guid":{"rendered":"http:\/\/swisttal-quesnoy.de\/?p=1930"},"modified":"2022-04-01T08:22:21","modified_gmt":"2022-04-01T06:22:21","slug":"einladung-zum-europatag-in-quesnoy-2","status":"publish","type":"post","link":"https:\/\/swisttal-quesnoy.de\/?p=1930","title":{"rendered":"Einladung zum Europatag in Quesnoy"},"content":{"rendered":"\n<p><strong>Liebe Mitglieder und Frankreichfreunde,<\/strong><\/p>\n\n\n\n<p>Angesichts des Kriegs in Europa ist diese Einladung ein besonderes Zeichen:<\/p>\n\n\n\n<p>Unsere franz\u00f6sischen St\u00e4dtepartner haben uns&nbsp;<strong>eingeladen<\/strong>,&nbsp;<strong>am 7.\/8. Mai 2022<\/strong>&nbsp;den \u201e<strong>Europatag in Quesnoy<\/strong>\u201c mit ihnen zu feiern. Ein Tag, der bei uns in der Regel keine Rolle spielt, wird seit Jahren in Quesnoy ganz bewusst begangen.&nbsp;<\/p>\n\n\n\n<p>Nun werden wir ihn gemeinsam gestalten \u2013 was meiner Meinung nach wirklich gut in diese traurige Zeit passt!<\/p>\n\n\n\n<p>Bitte melden Sie sich ab sofort bei mir an \u2013 wenn vorhanden gerne gleich mit franz\u00f6sischem Gastgeber,&nbsp;<\/p>\n\n\n\n<p><em>F\u00fcr die neuen Mitglieder unser Plan \u201ewie immer\u201c:&nbsp;<\/em><\/p>\n\n\n\n<ul class=\"wp-block-list\"><li><em>Abfahrt ab Rathaus Samstag, 7.5. ca 9 oder 10.00 Uhr, (Dauer 4 Stunden)<\/em><\/li><li><em>\u00dcbernachtung in Familien, Gemeinschaftsverpflegung oder&nbsp;&nbsp;in den Familie<\/em><\/li><li><em>Programm vor Ort organisiert von den Amis de Swisttal<\/em><\/li><li><em>R\u00fcckfahrt am Sonntag ab Quesnoy ca 16 Uhr, R\u00fcckkehr in Swisttal ca 20.00 Uhr<\/em><\/li><li><em>Kosten Kinder\/Jugendliche frei, Mitglieder ca 50\u20ac, Nichtmitglieder etwas mehr<\/em><\/li><\/ul>\n\n\n\n<p><em>Nat\u00fcrlich fahren wir gemeinsam, aber abh\u00e4ngig von der Teilnehmerzahl mit Reise- oder Kleinbus.<\/em><\/p>\n\n\n\n<p>Und wenn Sie nun schon Ihren Terminkalender in der Hand haben, gleich noch drei Daten, die Sie bitte f\u00fcr uns reservieren:<\/p>\n\n\n\n<ul class=\"wp-block-list\"><li><strong>Mittwoch, 13.4. \/ 20.00 Uhr<\/strong>&nbsp;Jour Fixe bei Weidenbr\u00fcck, Heimerzheim<\/li><li><strong>Montag, 25.4.\/ 20.00 Uhr:<\/strong>&nbsp;Mitgliederversammlung mit Vorstandswahl&nbsp;<em>(Es sind nach 10 Jahren im Amt alle Positionen neu zu besetzen! Bitte melden Sie sich!)<\/em><\/li><li><strong>Freitag, 15.7.\/15.00 Uhr:<\/strong>&nbsp;Zum \u201eFlutgedenken und Helferfest\u201c der Gemeinde ist auch eine Gruppe aus Quesnoy nach Swisttal eingeladen, die uns nach der Flutkatastrophe mit einer Spendensammlung von 5000,-\u20ac unterst\u00fctzt haben.&nbsp;<em>Hierf\u00fcr suchen wir jetzt schon Gastgeber. N\u00e4heres bei mir.<\/em><\/li><\/ul>\n\n\n\n<p>Wir freuen uns auf ein Wiedersehen \u2013 mit den Franzosen, und mit Ihnen!<br>Ihre<\/p>\n\n\n\n<p>Monika Wolf-Umhauermit Vorstand<\/p>\n","protected":false},"excerpt":{"rendered":"<p>Liebe Mitglieder und Frankreichfreunde, Angesichts des Kriegs in Europa ist diese Einladung ein besonderes Zeichen: Unsere franz\u00f6sischen St\u00e4dtepartner haben uns&nbsp;eingeladen,&nbsp;am 7.\/8. Mai 2022&nbsp;den \u201eEuropatag in Quesnoy\u201c mit ihnen zu feiern. Ein Tag, der bei uns in der Regel keine Rolle spielt, wird seit Jahren in Quesnoy ganz bewusst begangen.&nbsp; Nun werden wir ihn gemeinsam gestalten [&hellip;]<\/p>\n","protected":false},"author":1,"featured_media":0,"comment_status":"open","ping_status":"open","sticky":false,"template":"","format":"standard","meta":{"footnotes":""},"categories":[2],"tags":[],"class_list":["post-1930","post","type-post","status-publish","format-standard","hentry","category-aktivitaeten"],"_links":{"self":[{"href":"https:\/\/swisttal-quesnoy.de\/index.php?rest_route=\/wp\/v2\/posts\/1930","targetHints":{"allow":["GET"]}}],"collection":[{"href":"https:\/\/swisttal-quesnoy.de\/index.php?rest_route=\/wp\/v2\/posts"}],"about":[{"href":"https:\/\/swisttal-quesnoy.de\/index.php?rest_route=\/wp\/v2\/types\/post"}],"author":[{"embeddable":true,"href":"https:\/\/swisttal-quesnoy.de\/index.php?rest_route=\/wp\/v2\/users\/1"}],"replies":[{"embeddable":true,"href":"https:\/\/swisttal-quesnoy.de\/index.php?rest_route=%2Fwp%2Fv2%2Fcomments&post=1930"}],"version-history":[{"count":1,"href":"https:\/\/swisttal-quesnoy.de\/index.php?rest_route=\/wp\/v2\/posts\/1930\/revisions"}],"predecessor-version":[{"id":1932,"href":"https:\/\/swisttal-quesnoy.de\/index.php?rest_route=\/wp\/v2\/posts\/1930\/revisions\/1932"}],"wp:attachment":[{"href":"https:\/\/swisttal-quesnoy.de\/index.php?rest_route=%2Fwp%2Fv2%2Fmedia&parent=1930"}],"wp:term":[{"taxonomy":"category","embeddable":true,"href":"https:\/\/swisttal-quesnoy.de\/index.php?rest_route=%2Fwp%2Fv2%2Fcategories&post=1930"},{"taxonomy":"post_tag","embeddable":true,"href":"https:\/\/swisttal-quesnoy.de\/index.php?rest_route=%2Fwp%2Fv2%2Ftags&post=1930"}],"curies":[{"name":"wp","href":"https:\/\/api.w.org\/{rel}","templated":true}]}}