{"id":1908,"date":"2022-03-11T08:00:29","date_gmt":"2022-03-11T06:00:29","guid":{"rendered":"http:\/\/swisttal-quesnoy.de\/?p=1908"},"modified":"2022-03-11T08:00:31","modified_gmt":"2022-03-11T06:00:31","slug":"einladung-zum-europatag-in-quesnoy","status":"publish","type":"post","link":"https:\/\/swisttal-quesnoy.de\/?p=1908","title":{"rendered":"Einladung zum Europatag in Quesnoy"},"content":{"rendered":"\n<p>Liebe Mitglieder und Frankreichfreunde,<br><br>endlich gibt es mal wirklich wieder eine neue Aktivit\u00e4t ganz in unserem Sinne:<br>Unsere franz\u00f6sischen St\u00e4dtepartner haben uns eingeladen, am 7.\/8. Mai 2022 den \u201eEuropatag in Quesnoy\u201c mit ihnen zu feiern \u2013 ein langer Wunsch meiner Kollegin Cat- herine Mille. Dieser Tag, bei uns in der Regel ziemlich unbemerkt, wird seit Jahren in Quesnoy ganz bewusst begangen.<br>Nun werden wir ihn miterleben \u2013 was meiner Meinung nach wirklich gut in diese trauri- ge Zeit passt!<br>Wir freuen uns ab sofort auf Ihre Anmeldung!<br>F\u00fcr die neuen Mitglieder wie folgt detailliert unser Plan \u201ewie immer\u201c:<\/p>\n\n\n\n<ul class=\"wp-block-list\"><li>Gemeinsame Abfahrt Samstag, 7.5. ca 9 oder 10.00 Uhr, (Dauer 4 Stunden)<\/li><li>\u00dcbernachtung in Familien, Gemeinschaftsverpflegung oder in den Familie<\/li><li>Programm vor Ort organisiert von den Amis de Swisttal<\/li><li>R\u00fcckfahrt am Sonntag ab Quesnoy ca 16 Uhr, R\u00fcckkehr in Swisttal ca 20.00 Uhr &#8211; Kosten Kinder\/Jugendliche frei, Mitglieder ca 50\u20ac, Nichtmitglieder etwas mehr<br>Weitere Fragen beantworte ich gerne.<br><span style=\"font-size: 1rem;\"><\/span><br>Und wenn Sie nun schon Ihren Terminkalender in der Hand haben, gleich noch zwei Daten, die Sie bitte f\u00fcr uns reservieren:<\/li><li>Montag, 25.4.\/ 20.00 Uhr: Mitgliederversammlung mit Vorstandswahl (Es sind nach 10 Jahren im Amt alle Positionen neu zu besetzen! Bitte melden Sie sich!)<\/li><li>Freitag, 15.7.\/15.00 Uhr: Zum \u201eFlutgedenken und Helferfest\u201c der Gemeinde ist auch eine Gruppe aus Quesnoy nach Swisttal eingeladen, die uns nach der Flutkatastrophe mit einer Spendensammlung von 5000,-\u20ac unterst\u00fctzt haben. Hierf\u00fcr suchen wir jetzt schon Gastgeber. N\u00e4heres bei mir.<\/li><\/ul>\n\n\n\n<p>Wir freuen uns auf ein Wiedersehen \u2013 mit den Franzosen, und mit Ihnen!<\/p>\n\n\n\n<p>Ihre<br>Monika Wolf-Umhauer<br>mit Vorstand<\/p>\n","protected":false},"excerpt":{"rendered":"<p>Liebe Mitglieder und Frankreichfreunde, endlich gibt es mal wirklich wieder eine neue Aktivit\u00e4t ganz in unserem Sinne:Unsere franz\u00f6sischen St\u00e4dtepartner haben uns eingeladen, am 7.\/8. Mai 2022 den \u201eEuropatag in Quesnoy\u201c mit ihnen zu feiern \u2013 ein langer Wunsch meiner Kollegin Cat- herine Mille. Dieser Tag, bei uns in der Regel ziemlich unbemerkt, wird seit Jahren [&hellip;]<\/p>\n","protected":false},"author":1,"featured_media":0,"comment_status":"open","ping_status":"open","sticky":false,"template":"","format":"standard","meta":{"footnotes":""},"categories":[2],"tags":[],"class_list":["post-1908","post","type-post","status-publish","format-standard","hentry","category-aktivitaeten"],"_links":{"self":[{"href":"https:\/\/swisttal-quesnoy.de\/index.php?rest_route=\/wp\/v2\/posts\/1908","targetHints":{"allow":["GET"]}}],"collection":[{"href":"https:\/\/swisttal-quesnoy.de\/index.php?rest_route=\/wp\/v2\/posts"}],"about":[{"href":"https:\/\/swisttal-quesnoy.de\/index.php?rest_route=\/wp\/v2\/types\/post"}],"author":[{"embeddable":true,"href":"https:\/\/swisttal-quesnoy.de\/index.php?rest_route=\/wp\/v2\/users\/1"}],"replies":[{"embeddable":true,"href":"https:\/\/swisttal-quesnoy.de\/index.php?rest_route=%2Fwp%2Fv2%2Fcomments&post=1908"}],"version-history":[{"count":1,"href":"https:\/\/swisttal-quesnoy.de\/index.php?rest_route=\/wp\/v2\/posts\/1908\/revisions"}],"predecessor-version":[{"id":1910,"href":"https:\/\/swisttal-quesnoy.de\/index.php?rest_route=\/wp\/v2\/posts\/1908\/revisions\/1910"}],"wp:attachment":[{"href":"https:\/\/swisttal-quesnoy.de\/index.php?rest_route=%2Fwp%2Fv2%2Fmedia&parent=1908"}],"wp:term":[{"taxonomy":"category","embeddable":true,"href":"https:\/\/swisttal-quesnoy.de\/index.php?rest_route=%2Fwp%2Fv2%2Fcategories&post=1908"},{"taxonomy":"post_tag","embeddable":true,"href":"https:\/\/swisttal-quesnoy.de\/index.php?rest_route=%2Fwp%2Fv2%2Ftags&post=1908"}],"curies":[{"name":"wp","href":"https:\/\/api.w.org\/{rel}","templated":true}]}}