{"id":1896,"date":"2022-01-24T09:56:39","date_gmt":"2022-01-24T07:56:39","guid":{"rendered":"http:\/\/swisttal-quesnoy.de\/?p=1896"},"modified":"2022-01-24T09:56:41","modified_gmt":"2022-01-24T07:56:41","slug":"verschiebung-der-mitgliederversammlung","status":"publish","type":"post","link":"https:\/\/swisttal-quesnoy.de\/?p=1896","title":{"rendered":"Verschiebung der Mitgliederversammlung"},"content":{"rendered":"\n<p>Liebe Frankreichfreunde und Mitglieder,<\/p>\n\n\n\n<p>&#8230;. man muss nicht immer alles tun, was man tun k\u00f6nnte &#8230;.&nbsp;<\/p>\n\n\n\n<p>Sie ahnen es schon: Aufgrund der steigenden Inzidenzzahlen, u.a. aber auch aufgrund von Mitgliederfragen,&nbsp;hat der Vorstand beschlossen, dass wir die geplante Mitgliederversammlung auch im 3. Pandemie-Jahr noch einmal auf&nbsp; hoffentlich &#8211; den Sommer verschieben.&nbsp;<\/p>\n\n\n\n<p>Dieser Entschluss ist uns wirklich nicht leicht gefallen, aber wir glauben: Es ist vern\u00fcnftig.&nbsp;<\/p>\n\n\n\n<p>Und wir m\u00f6chten ja auch eine Mitgliederversammlung abhalten, die den Namen auch verdient, und nicht nur im erweiterten Kreis des Vorstands tagen.&nbsp;<\/p>\n\n\n\n<p>Sie haben also am 2.2. &#8222;frei&#8220; &#8211; und vielleicht nutzen Sie die Gelegenheit durch die &#8222;Verl\u00e4ngerung&#8220;, noch einmal nachzudenken, ob und wie Sie uns und unseren &#8222;Verein zur F\u00f6rderung der St\u00e4dtepartnerschaft mit Quesnoy-sur-De\u00fble&#8220; unterst\u00fctzen k\u00f6nnen? Wir suchen immer noch &#8211; und das stand auch schon auf der geplanten Tagesordnung f\u00fcr die Mitgliederversammlung &#8211;<\/p>\n\n\n\n<p>&gt; Ihre Anregungen f\u00fcr unseren&nbsp;Austausch mit Quesnoy, der vielleicht&nbsp;\u00fcber die (normalerweise) regelm\u00e4\u00dfigen Besuche hinausgeht<\/p>\n\n\n\n<p>&gt; neue Ideen f\u00fcr unser Jahresprogramm und unsere monatlichen Treffen beim \/ als Jour Fixe&nbsp;<\/p>\n\n\n\n<p>&gt; Unterst\u00fctzung&nbsp;im Vorstand in verschiedener, auch von Ihnen mitzubestimmender, Form.<\/p>\n\n\n\n<p>\u200b<\/p>\n\n\n\n<p>&gt; eine m\u00f6gliche \u00c4nderung Ihrer Kontaktdaten (Anschrift,&nbsp;\u200bMailadresse)<\/p>\n\n\n\n<p>Wir freuen uns auf Ihre Antworten<\/p>\n\n\n\n<p>und hoffen sehr, dass Sie alle gesund durch diese schwierige&nbsp;Zeit kommen.<\/p>\n\n\n\n<p>Bleiben wir zuversichtlich!<br><\/p>\n\n\n\n<p>Ihre<\/p>\n\n\n\n<p>M\u200bonika Wolf-Umhauer<\/p>\n","protected":false},"excerpt":{"rendered":"<p>Liebe Frankreichfreunde und Mitglieder, &#8230;. man muss nicht immer alles tun, was man tun k\u00f6nnte &#8230;.&nbsp; Sie ahnen es schon: Aufgrund der steigenden Inzidenzzahlen, u.a. aber auch aufgrund von Mitgliederfragen,&nbsp;hat der Vorstand beschlossen, dass wir die geplante Mitgliederversammlung auch im 3. Pandemie-Jahr noch einmal auf&nbsp; hoffentlich &#8211; den Sommer verschieben.&nbsp; Dieser Entschluss ist uns wirklich [&hellip;]<\/p>\n","protected":false},"author":1,"featured_media":0,"comment_status":"open","ping_status":"open","sticky":false,"template":"","format":"standard","meta":{"footnotes":""},"categories":[2],"tags":[],"class_list":["post-1896","post","type-post","status-publish","format-standard","hentry","category-aktivitaeten"],"_links":{"self":[{"href":"https:\/\/swisttal-quesnoy.de\/index.php?rest_route=\/wp\/v2\/posts\/1896","targetHints":{"allow":["GET"]}}],"collection":[{"href":"https:\/\/swisttal-quesnoy.de\/index.php?rest_route=\/wp\/v2\/posts"}],"about":[{"href":"https:\/\/swisttal-quesnoy.de\/index.php?rest_route=\/wp\/v2\/types\/post"}],"author":[{"embeddable":true,"href":"https:\/\/swisttal-quesnoy.de\/index.php?rest_route=\/wp\/v2\/users\/1"}],"replies":[{"embeddable":true,"href":"https:\/\/swisttal-quesnoy.de\/index.php?rest_route=%2Fwp%2Fv2%2Fcomments&post=1896"}],"version-history":[{"count":1,"href":"https:\/\/swisttal-quesnoy.de\/index.php?rest_route=\/wp\/v2\/posts\/1896\/revisions"}],"predecessor-version":[{"id":1898,"href":"https:\/\/swisttal-quesnoy.de\/index.php?rest_route=\/wp\/v2\/posts\/1896\/revisions\/1898"}],"wp:attachment":[{"href":"https:\/\/swisttal-quesnoy.de\/index.php?rest_route=%2Fwp%2Fv2%2Fmedia&parent=1896"}],"wp:term":[{"taxonomy":"category","embeddable":true,"href":"https:\/\/swisttal-quesnoy.de\/index.php?rest_route=%2Fwp%2Fv2%2Fcategories&post=1896"},{"taxonomy":"post_tag","embeddable":true,"href":"https:\/\/swisttal-quesnoy.de\/index.php?rest_route=%2Fwp%2Fv2%2Ftags&post=1896"}],"curies":[{"name":"wp","href":"https:\/\/api.w.org\/{rel}","templated":true}]}}