{"id":1780,"date":"2020-11-27T07:43:57","date_gmt":"2020-11-27T05:43:57","guid":{"rendered":"http:\/\/swisttal-quesnoy.de\/?p=1780"},"modified":"2020-11-27T07:43:59","modified_gmt":"2020-11-27T05:43:59","slug":"ein-adventslicht-fuer-frankreich","status":"publish","type":"post","link":"https:\/\/swisttal-quesnoy.de\/?p=1780","title":{"rendered":"Ein Adventslicht f\u00fcr Frankreich"},"content":{"rendered":"\n<figure class=\"wp-block-image size-large\"><img loading=\"lazy\" decoding=\"async\" width=\"1024\" height=\"768\" src=\"http:\/\/swisttal-quesnoy.de\/wp-content\/uploads\/2020\/11\/43635A14-27F6-4729-AAC0-98601442FDE7-1024x768.jpeg\" alt=\"\" class=\"wp-image-1782\" srcset=\"https:\/\/swisttal-quesnoy.de\/wp-content\/uploads\/2020\/11\/43635A14-27F6-4729-AAC0-98601442FDE7-1024x768.jpeg 1024w, https:\/\/swisttal-quesnoy.de\/wp-content\/uploads\/2020\/11\/43635A14-27F6-4729-AAC0-98601442FDE7-300x225.jpeg 300w, https:\/\/swisttal-quesnoy.de\/wp-content\/uploads\/2020\/11\/43635A14-27F6-4729-AAC0-98601442FDE7-768x576.jpeg 768w, https:\/\/swisttal-quesnoy.de\/wp-content\/uploads\/2020\/11\/43635A14-27F6-4729-AAC0-98601442FDE7-1536x1152.jpeg 1536w, https:\/\/swisttal-quesnoy.de\/wp-content\/uploads\/2020\/11\/43635A14-27F6-4729-AAC0-98601442FDE7-2048x1536.jpeg 2048w, https:\/\/swisttal-quesnoy.de\/wp-content\/uploads\/2020\/11\/43635A14-27F6-4729-AAC0-98601442FDE7-624x468.jpeg 624w\" sizes=\"auto, (max-width: 1024px) 100vw, 1024px\" \/><\/figure>\n\n\n\n<p>Sogar die eingeladenen G\u00e4ste zum Beethovenfest wurden im Mai wieder ausgeladen \u2013 wo gibt es denn so etwas?!&nbsp; Dieses \u201ebesondere Jahr\u201c hat ziemlich alle Pl\u00e4ne durchkreuzt, die die Partnerst\u00e4dte Swisttal und Quesnoy-sur-De\u00fble im 30. Jahr ihrer Partnerschaft hatten.&nbsp;<\/p>\n\n\n\n<p>Das war schon sehr traurig, und dar\u00fcber k\u00f6nnen auch die vereinzelten Mail- und Whats-App-Kontakte mit den Franzosen nicht dar\u00fcber hinweghelfen.<\/p>\n\n\n\n<p>\u201eDa kam die Anregung des Frankreichfreundes Arthur M\u00fcller genau richtig!\u201c, sagt die Vorsitzende des Partnerschaftsvereins, Monika Wolf-Umhauer. Er \u00fcbrgab&nbsp;der B\u00fcrgermeisterin zwei besondere Adventskalender, an dem sowohl im Swisttaler als auch dem Quesnoyer Rathaus als Symbol des Gedenkens ein Kerze angez\u00fcndet wird. Jeden Tag wandert die Kerze mit dem jeweiligen Stadtwappen des Partners, gestaltet von Katharina Grell, ein St\u00fcckchen weiter.&nbsp;<\/p>\n\n\n\n<p>\u201eWir werden dieses besondere Adventslicht als Aufmunterung f\u00fcr unsere Freunde in Quesnoy versenden,&nbsp; die zum zweiten Mal in Coronazeiten deutlich h\u00e4rter getroffen werden als wir\u201c, so Wolf-Umhauer. Es soll die Freunde ein bisschen tr\u00f6sten, denn heute sei noch nicht absehbar, ob wenigstens 2021 ein Treffen stattfinden k\u00f6nne.&nbsp;<\/p>\n\n\n\n<p>Doch man lerne jeden Tag ein St\u00fcckchen besser, mit Corona umzugehen \u201eund werden und wollen es schaffen, im n\u00e4chsten Jahr das \u201egro\u00dfe Beethovenfest\u201c gemeinsam zu realisieren!\u201c In diesem Sinne w\u00fcnschen wir Swisttaler unseren Freunden in Quesnoy-sur-De\u00fble eine gute Adventszeit und frohe Weihnachten.<\/p>\n\n\n\n<p>Anschreiben an die Franzosen (gek\u00fcrzt)<\/p>\n\n\n\n<p>Chers amis de Swisttal,&nbsp;<\/p>\n\n\n\n<p>avec ces lumi\u00e8res de l\u2019Avant, nos chaleureuses pens\u00e9es vous accompagnent, \u00e0 d\u00e9faut de pouvoir vous rencontrer personnellement. Armez-vous de courage, gardez le moral et la sant\u00e9. Avant le retour \u00e0 la normale, nous trouverons une fa\u00e7on originale de c\u00e9l\u00e9brer malgr\u00e9 tout le festival de Beethoven l\u2019an prochain. Pour l\u2019heure, nous vous souhaitons un temps de l\u2019Avant paisible ainsi que de joyeuses f\u00eates de No\u00ebl, en famille, dans la mesure du possible.&nbsp;<\/p>\n\n\n\n<p>Liebe Freunde von Swisttal,&nbsp;<\/p>\n\n\n\n<p>Mit diesem Adventskalender sind unsere warmen Gedanken bei euch, weil wir und nicht pers\u00f6nlich treffen k\u00f6nnen. Wappnet euch mit Mut, bewahrt eure gute Laune und bleibt gesund. Bevor wir zur Normalit\u00e4t zur\u00fcckkehren, werden wir einen sicheren Weg finden, das Beethovenfest trotz allem im n\u00e4chsten Jahr zu feiern. Vorerst w\u00fcnschen wir euch eine friedliche Adventszeit und ein frohes Weihnachtsfest, so weit wie m\u00f6glich im Kreise eurer Familien.\u00a0<br><\/p>\n\n\n\n<figure class=\"wp-block-image size-large\"><img loading=\"lazy\" decoding=\"async\" width=\"1024\" height=\"596\" src=\"http:\/\/swisttal-quesnoy.de\/wp-content\/uploads\/2020\/11\/908C2E21-2387-4334-BAC3-F461A9B25DD5-1024x596.jpeg\" alt=\"\" class=\"wp-image-1783\" srcset=\"https:\/\/swisttal-quesnoy.de\/wp-content\/uploads\/2020\/11\/908C2E21-2387-4334-BAC3-F461A9B25DD5-1024x596.jpeg 1024w, https:\/\/swisttal-quesnoy.de\/wp-content\/uploads\/2020\/11\/908C2E21-2387-4334-BAC3-F461A9B25DD5-300x175.jpeg 300w, https:\/\/swisttal-quesnoy.de\/wp-content\/uploads\/2020\/11\/908C2E21-2387-4334-BAC3-F461A9B25DD5-768x447.jpeg 768w, https:\/\/swisttal-quesnoy.de\/wp-content\/uploads\/2020\/11\/908C2E21-2387-4334-BAC3-F461A9B25DD5-1536x894.jpeg 1536w, https:\/\/swisttal-quesnoy.de\/wp-content\/uploads\/2020\/11\/908C2E21-2387-4334-BAC3-F461A9B25DD5-2048x1192.jpeg 2048w, https:\/\/swisttal-quesnoy.de\/wp-content\/uploads\/2020\/11\/908C2E21-2387-4334-BAC3-F461A9B25DD5-624x363.jpeg 624w\" sizes=\"auto, (max-width: 1024px) 100vw, 1024px\" \/><\/figure>\n","protected":false},"excerpt":{"rendered":"<p>Sogar die eingeladenen G\u00e4ste zum Beethovenfest wurden im Mai wieder ausgeladen \u2013 wo gibt es denn so etwas?!&nbsp; Dieses \u201ebesondere Jahr\u201c hat ziemlich alle Pl\u00e4ne durchkreuzt, die die Partnerst\u00e4dte Swisttal und Quesnoy-sur-De\u00fble im 30. Jahr ihrer Partnerschaft hatten.&nbsp; Das war schon sehr traurig, und dar\u00fcber k\u00f6nnen auch die vereinzelten Mail- und Whats-App-Kontakte mit den Franzosen [&hellip;]<\/p>\n","protected":false},"author":1,"featured_media":0,"comment_status":"open","ping_status":"open","sticky":false,"template":"","format":"standard","meta":{"footnotes":""},"categories":[2],"tags":[],"class_list":["post-1780","post","type-post","status-publish","format-standard","hentry","category-aktivitaeten"],"_links":{"self":[{"href":"https:\/\/swisttal-quesnoy.de\/index.php?rest_route=\/wp\/v2\/posts\/1780","targetHints":{"allow":["GET"]}}],"collection":[{"href":"https:\/\/swisttal-quesnoy.de\/index.php?rest_route=\/wp\/v2\/posts"}],"about":[{"href":"https:\/\/swisttal-quesnoy.de\/index.php?rest_route=\/wp\/v2\/types\/post"}],"author":[{"embeddable":true,"href":"https:\/\/swisttal-quesnoy.de\/index.php?rest_route=\/wp\/v2\/users\/1"}],"replies":[{"embeddable":true,"href":"https:\/\/swisttal-quesnoy.de\/index.php?rest_route=%2Fwp%2Fv2%2Fcomments&post=1780"}],"version-history":[{"count":1,"href":"https:\/\/swisttal-quesnoy.de\/index.php?rest_route=\/wp\/v2\/posts\/1780\/revisions"}],"predecessor-version":[{"id":1784,"href":"https:\/\/swisttal-quesnoy.de\/index.php?rest_route=\/wp\/v2\/posts\/1780\/revisions\/1784"}],"wp:attachment":[{"href":"https:\/\/swisttal-quesnoy.de\/index.php?rest_route=%2Fwp%2Fv2%2Fmedia&parent=1780"}],"wp:term":[{"taxonomy":"category","embeddable":true,"href":"https:\/\/swisttal-quesnoy.de\/index.php?rest_route=%2Fwp%2Fv2%2Fcategories&post=1780"},{"taxonomy":"post_tag","embeddable":true,"href":"https:\/\/swisttal-quesnoy.de\/index.php?rest_route=%2Fwp%2Fv2%2Ftags&post=1780"}],"curies":[{"name":"wp","href":"https:\/\/api.w.org\/{rel}","templated":true}]}}