{"id":1774,"date":"2020-11-06T21:16:01","date_gmt":"2020-11-06T19:16:01","guid":{"rendered":"http:\/\/swisttal-quesnoy.de\/?p=1774"},"modified":"2020-11-06T21:16:03","modified_gmt":"2020-11-06T19:16:03","slug":"absage-der-mitgliederversammlung-des-partnerschaftsvereins","status":"publish","type":"post","link":"https:\/\/swisttal-quesnoy.de\/?p=1774","title":{"rendered":"Absage der Mitgliederversammlung des Partnerschaftsvereins"},"content":{"rendered":"\n<p>Liebe Mitglieder und Frankreichfreunde,&nbsp;&nbsp;&nbsp;&nbsp;&nbsp;&nbsp;<\/p>\n\n\n\n<p>sicher haben Sie es schon geahnt: Die neuen bundesweiten Verf\u00fcgungen zur Eind\u00e4mmung der Pandemie erlauben es auch nicht in einem noch so gro\u00dfen Ballsaal, dass wir uns pers\u00f6nlich treffen&#8230;. Gem\u00e4\u00df den Vorgaben der Bundes und Landesregierung sollen wir alle m\u00f6glichst zuhause bleiben \u2013 und dem d\u00fcrfen wir uns nicht widersetzen.<\/p>\n\n\n\n<p>Deshalb hat der Vorstand des Partnerschaftsvereins e.V. einstimmig beschlossen, die f\u00fcr 2020 vorgesehene und bereits einmal vertagte Mitgliederversammlung in das erste Quartal 2021 zu verschieben, soweit dann die Auswirkungen der Corona-Pandemie dies zulassen.<\/p>\n\n\n\n<p>Da in 2020 auch die Neuwahl des Vorstandes ansteht, hat der Vorstand die m\u00f6glichen Alternativen zu einer Pr\u00e4senzveranstaltung f\u00fcr nicht geeignet angesehen.<\/p>\n\n\n\n<p>Nach \u00a7 7 Absatz 3 unserer Satzung bleibt der Vorstand bis zur Neuwahl des Vorstandes im Amt.<\/p>\n\n\n\n<p>F\u00fcrs erste geben wir Ihnen aber schon einmal unsere Rechenschaftsberichte schriftlich zur Kenntnis, und ein paar Bilder zur freundlichen Erinnerung.<\/p>\n\n\n\n<p>Wir hoffen, dass Sie unter den besonderen Bedingungen des Jahres 2020 Verst\u00e4ndnis daf\u00fcr aufbringen, die Mitgliederversammlung in 2021 zu verschieben.<\/p>\n\n\n\n<p>Ob wir unseren f\u00fcr&nbsp;<a href=\"x-apple-data-detectors:\/\/0\">den&nbsp;<\/a><strong><a href=\"x-apple-data-detectors:\/\/0\">9. Dezember<\/a><\/strong>&nbsp;geplanten (und bei \u201eBelderbusch\u201c in Miel gebuchten) Termin f\u00fcr das Weihnachtsessen beibehalten k\u00f6nnen, muss die Zukunft zeigen. Aber halten Sie den Termin doch auf jeden Fall einmal in ihrem Kalender fest! Und dr\u00fccken Sie die Daumen, dass das in diesem Jahr ausgefallene Beethoven-Geburtstagstreffen mit Orchestern aus 5 Nationen (organisiert mit der Musikschule und den Nachbarkommunen)&nbsp;&nbsp;&nbsp;wenigstens vom&nbsp;<strong><a href=\"x-apple-data-detectors:\/\/1\">13.-16.5.2021<\/a><\/strong>&nbsp;stattfindetn kann!<\/p>\n\n\n\n<p>Vorab bedankt sich der Vorstand f\u00fcr Ihr Verst\u00e4ndnis, bleiben Sie gesund und dem Verein gewogen! Vielleicht nutzen Sie die Zeit bis zum Wiedersehen, f\u00fcr unseren Verein ein paar neue Mitglieder in Ihrem Freundes- und Bekanntenkreis zu werben?<\/p>\n","protected":false},"excerpt":{"rendered":"<p>Liebe Mitglieder und Frankreichfreunde,&nbsp;&nbsp;&nbsp;&nbsp;&nbsp;&nbsp; sicher haben Sie es schon geahnt: Die neuen bundesweiten Verf\u00fcgungen zur Eind\u00e4mmung der Pandemie erlauben es auch nicht in einem noch so gro\u00dfen Ballsaal, dass wir uns pers\u00f6nlich treffen&#8230;. Gem\u00e4\u00df den Vorgaben der Bundes und Landesregierung sollen wir alle m\u00f6glichst zuhause bleiben \u2013 und dem d\u00fcrfen wir uns nicht widersetzen. Deshalb [&hellip;]<\/p>\n","protected":false},"author":1,"featured_media":0,"comment_status":"open","ping_status":"open","sticky":false,"template":"","format":"standard","meta":{"footnotes":""},"categories":[1],"tags":[],"class_list":["post-1774","post","type-post","status-publish","format-standard","hentry","category-allgemein"],"_links":{"self":[{"href":"https:\/\/swisttal-quesnoy.de\/index.php?rest_route=\/wp\/v2\/posts\/1774","targetHints":{"allow":["GET"]}}],"collection":[{"href":"https:\/\/swisttal-quesnoy.de\/index.php?rest_route=\/wp\/v2\/posts"}],"about":[{"href":"https:\/\/swisttal-quesnoy.de\/index.php?rest_route=\/wp\/v2\/types\/post"}],"author":[{"embeddable":true,"href":"https:\/\/swisttal-quesnoy.de\/index.php?rest_route=\/wp\/v2\/users\/1"}],"replies":[{"embeddable":true,"href":"https:\/\/swisttal-quesnoy.de\/index.php?rest_route=%2Fwp%2Fv2%2Fcomments&post=1774"}],"version-history":[{"count":1,"href":"https:\/\/swisttal-quesnoy.de\/index.php?rest_route=\/wp\/v2\/posts\/1774\/revisions"}],"predecessor-version":[{"id":1776,"href":"https:\/\/swisttal-quesnoy.de\/index.php?rest_route=\/wp\/v2\/posts\/1774\/revisions\/1776"}],"wp:attachment":[{"href":"https:\/\/swisttal-quesnoy.de\/index.php?rest_route=%2Fwp%2Fv2%2Fmedia&parent=1774"}],"wp:term":[{"taxonomy":"category","embeddable":true,"href":"https:\/\/swisttal-quesnoy.de\/index.php?rest_route=%2Fwp%2Fv2%2Fcategories&post=1774"},{"taxonomy":"post_tag","embeddable":true,"href":"https:\/\/swisttal-quesnoy.de\/index.php?rest_route=%2Fwp%2Fv2%2Ftags&post=1774"}],"curies":[{"name":"wp","href":"https:\/\/api.w.org\/{rel}","templated":true}]}}