{"id":1714,"date":"2020-03-27T07:52:06","date_gmt":"2020-03-27T05:52:06","guid":{"rendered":"http:\/\/swisttal-quesnoy.de\/?p=1714"},"modified":"2020-03-27T07:52:08","modified_gmt":"2020-03-27T05:52:08","slug":"absage-bthvn-2020","status":"publish","type":"post","link":"https:\/\/swisttal-quesnoy.de\/?p=1714","title":{"rendered":"Absage BTHVN 2020"},"content":{"rendered":"\n<p>Liebe Gastgeber,<br>liebe Mitglieder,<br>liebe Frankreichfreunde!<br>l\u00e4ngst sind die Bundesliga und das Beethovenfest, alle m\u00f6glichen Veranstaltungen, die Proben der Musiker sogar die Olympischen Spiele abgesagt &#8211; und wir haben noch die Daumen gedr\u00fcckt und gehofft, wir haben gezittert und gebetet\u2026<br>Doch nun kommt das &#8222;Aus&#8220; f\u00fcr unser gro\u00dfes Projekt zu BTHVN 2020, das musikalische Festival &#8222;die Jugend Europas trifft Beethoven&#8220; von unerwarteter Seite: Wegen der weltweiten Corona-Krise muss die Jugend Europas nach und nach selbst ihre Teilnahme absagen: Zun\u00e4chst letzte Woche die Engl\u00e4nder, vorgestern die Tschechen, und nun auch die Belgier \u2026. noch bevor wir selbst eine Entscheidung treffen mussten.<\/p>\n\n\n\n<p>Bitte entnehmen Sie dem angeh\u00e4ngten Schreiben von Claus Kratzenberg, dem organisatorischen Leiter des Projekts, unsere Bem\u00fchungen, die &#8222;Party&#8220; um genau ein Jahr zu verschieben &#8211; auf Himmelfahrt 2021, 13.-16. Mai 2021, zu verschieben.<\/p>\n\n\n\n<p>Ich bedanke mich namens des Vorstands des Partnerschaftsvereins Swisttal-Quesnoy und aller am Projekt Beteiligten ganz herzlich f\u00fcr Ihre Bereitschaft, junge franz\u00f6sische Musiker unter Ihrem Dach aufzunehmen &#8211; ohne diese h\u00e4tten wir unser Partnerorches- ter, die Philharmonie de Quesnoy, nicht einladen k\u00f6nnen!<br>Nat\u00fcrlich hoffen wir, dass Sie diese Ihre Bereitschaft auch auf das n\u00e4chste Jahr verschieben k\u00f6nnen und m\u00f6gen! <\/p>\n\n\n\n<p>Wir, die wir alle mit Herzblut und Engagement daran gearbeitet haben, sind alle sehr traurig, m\u00fcssen uns aber jetzt doch leider dieser &#8222;h\u00f6heren Gewalt&#8220; beugen &#8211; und hoffen nun auf das n\u00e4chste Jahr.<\/p>\n\n\n\n<p>Mit herzlichen Gr\u00fc\u00dfen &#8211; bleiben Sie zuhause und gesund! Ihre<br>Monika Wolf-Umhauer , St\u00e9phanie Duhr, Udo Schwenecke<\/p>\n\n\n\n<div class=\"wp-block-file\"><a href=\"http:\/\/swisttal-quesnoy.de\/wp-content\/uploads\/2020\/03\/1-Absage-BTHVN-2020.pdf\">1-Absage-BTHVN-2020<\/a><a href=\"http:\/\/swisttal-quesnoy.de\/wp-content\/uploads\/2020\/03\/1-Absage-BTHVN-2020.pdf\" class=\"wp-block-file__button\" download>Herunterladen<\/a><\/div>\n\n\n\n<p>Franz\u00f6sisch:<\/p>\n\n\n\n<p>Chers amis,<br>Ce qui \u00e9tait \u00e0 malheureusement fortement \u00e0 craindre est arriv\u00e9 &#8230;Je vous fait parvenir la traduction du mail de Claus Kratzenberg qu&#8217;il nous a demand\u00e9 de vous faire suivre :<\/p>\n\n\n\n<p><em>&#8222;Chers participants et organisateurs du Festival de l&#8217;Europe 2020 \u00e0 Meckenheim, Rheinbach et Swisttal,<br><\/em><\/p>\n\n\n\n<p><em>compte tenu de l&#8217;\u00e9volution actuelle de la crise du Corona, le Festival de l&#8217;Europe\u00a0&#8222;BTHVN 2020&#8220;\u00a0doit \u00eatre annul\u00e9. Nous regrettons tous beaucoup cette mesure, car tous les responsables charg\u00e9s de la planification et de l&#8217;organisation de ce grand \u00e9v\u00e9nement y ont investi beaucoup de temps et de c\u0153ur.<br><\/em><\/p>\n\n\n\n<p><em>Un report \u00e0 l&#8217;automne de cette ann\u00e9e n&#8217;est pas envisageable, notamment pour des raisons de calendrier. J&#8217;ai demand\u00e9 \u00e0 la Soci\u00e9t\u00e9 de Beethoven de Bonn si nous pouvions reporter le projet au m\u00eame week-end de l&#8217;Ascension l&#8217;ann\u00e9e prochaine (<a href=\"x-apple-data-detectors:\/\/10\">13-16 mai 2021<\/a>). Ce souhait a \u00e9galement \u00e9t\u00e9 exprim\u00e9 \u00e0 diverses occasions et permettrait \u00e0 tous les acteurs de b\u00e9n\u00e9ficier d&#8217;un planning plus certain.<br><\/em><\/p>\n\n\n\n<p><em>La Soci\u00e9t\u00e9 de Beethoven m&#8217;a assur\u00e9 qu&#8217;elle examinerait cette question, et je vous informerai imm\u00e9diatement des r\u00e9sultats de ses analyses.<br><\/em><\/p>\n\n\n\n<p><em>Je vous demande d&#8217;annuler les engagements que vous avez pris (compagnies de bus, h\u00f4tels, etc.). Je vais en faire de m\u00eame de mon c\u00f4t\u00e9.<br><\/em><\/p>\n\n\n\n<p><em>Je voudrais exprimer mes sinc\u00e8res remerciements \u00e0 toutes les personnes impliqu\u00e9es pour leur coop\u00e9ration tr\u00e8s fructueuse et cordiale jusqu&#8217;\u00e0 pr\u00e9sent, car elle a d\u00e9j\u00e0 d\u00e9montr\u00e9 l&#8217;esprit europ\u00e9en d&#8217;amiti\u00e9 et de fraternit\u00e9 d&#8217;une mani\u00e8re remarquable. Je pense que ce travail n&#8217;a pas \u00e9t\u00e9 vain et qu&#8217;il portera ses fruits \u00e0 une date ult\u00e9rieure.<\/em><\/p>\n\n\n\n<p><em><br>\u00a0Je vous souhaite \u00e0 tous beaucoup de s\u00e9r\u00e9nit\u00e9, en particulier la sant\u00e9 et la gr\u00e2ce de Dieu&#8220;.<br>Claus Kratzenberg<\/em><\/p>\n\n\n\n<p><em><br>pour :VHS Zweckverband Voreifel (Universit\u00e9 populaire intercommunale)\u00a0<br>Coordination du projet &#8222;Projet europ\u00e9en&#8220;<br><a href=\"x-apple-data-detectors:\/\/11\">Schweigelstr. 21, 53359 Rheinbach<\/a><\/em><\/p>\n\n\n\n<p><\/p>\n","protected":false},"excerpt":{"rendered":"<p>Liebe Gastgeber,liebe Mitglieder,liebe Frankreichfreunde!l\u00e4ngst sind die Bundesliga und das Beethovenfest, alle m\u00f6glichen Veranstaltungen, die Proben der Musiker sogar die Olympischen Spiele abgesagt &#8211; und wir haben noch die Daumen gedr\u00fcckt und gehofft, wir haben gezittert und gebetet\u2026Doch nun kommt das &#8222;Aus&#8220; f\u00fcr unser gro\u00dfes Projekt zu BTHVN 2020, das musikalische Festival &#8222;die Jugend Europas trifft [&hellip;]<\/p>\n","protected":false},"author":1,"featured_media":1716,"comment_status":"open","ping_status":"open","sticky":false,"template":"","format":"standard","meta":{"footnotes":""},"categories":[1],"tags":[],"class_list":["post-1714","post","type-post","status-publish","format-standard","has-post-thumbnail","hentry","category-allgemein"],"_links":{"self":[{"href":"https:\/\/swisttal-quesnoy.de\/index.php?rest_route=\/wp\/v2\/posts\/1714","targetHints":{"allow":["GET"]}}],"collection":[{"href":"https:\/\/swisttal-quesnoy.de\/index.php?rest_route=\/wp\/v2\/posts"}],"about":[{"href":"https:\/\/swisttal-quesnoy.de\/index.php?rest_route=\/wp\/v2\/types\/post"}],"author":[{"embeddable":true,"href":"https:\/\/swisttal-quesnoy.de\/index.php?rest_route=\/wp\/v2\/users\/1"}],"replies":[{"embeddable":true,"href":"https:\/\/swisttal-quesnoy.de\/index.php?rest_route=%2Fwp%2Fv2%2Fcomments&post=1714"}],"version-history":[{"count":1,"href":"https:\/\/swisttal-quesnoy.de\/index.php?rest_route=\/wp\/v2\/posts\/1714\/revisions"}],"predecessor-version":[{"id":1718,"href":"https:\/\/swisttal-quesnoy.de\/index.php?rest_route=\/wp\/v2\/posts\/1714\/revisions\/1718"}],"wp:featuredmedia":[{"embeddable":true,"href":"https:\/\/swisttal-quesnoy.de\/index.php?rest_route=\/wp\/v2\/media\/1716"}],"wp:attachment":[{"href":"https:\/\/swisttal-quesnoy.de\/index.php?rest_route=%2Fwp%2Fv2%2Fmedia&parent=1714"}],"wp:term":[{"taxonomy":"category","embeddable":true,"href":"https:\/\/swisttal-quesnoy.de\/index.php?rest_route=%2Fwp%2Fv2%2Fcategories&post=1714"},{"taxonomy":"post_tag","embeddable":true,"href":"https:\/\/swisttal-quesnoy.de\/index.php?rest_route=%2Fwp%2Fv2%2Ftags&post=1714"}],"curies":[{"name":"wp","href":"https:\/\/api.w.org\/{rel}","templated":true}]}}