{"id":1694,"date":"2020-01-30T06:50:06","date_gmt":"2020-01-30T04:50:06","guid":{"rendered":"http:\/\/swisttal-quesnoy.de\/?p=1694"},"modified":"2020-01-30T06:50:08","modified_gmt":"2020-01-30T04:50:08","slug":"einladung-zum-februar-jour-fixe","status":"publish","type":"post","link":"https:\/\/swisttal-quesnoy.de\/?p=1694","title":{"rendered":"Einladung zum Februar-Jour Fixe"},"content":{"rendered":"\n<p>Liebe Frankreichfreunde,<br><\/p>\n\n\n\n<p>zum n\u00e4chsten Jour Fixe&nbsp;<\/p>\n\n\n\n<p class=\"has-text-align-center\"><strong>am Mittwoch, 12.2.2020, 20.00 Uhr\u00a0*<\/strong><\/p>\n\n\n\n<p class=\"has-text-align-center\"><strong>in Odendorf \u201ebeim B\u00fcb\u201c<\/strong><\/p>\n\n\n\n<p class=\"has-text-align-center\"><strong>Odinstra\u00dfe 17<\/strong><\/p>\n\n\n\n<p>lade ich herzlich ein.<\/p>\n\n\n\n<p>Mittlerweile kann ich schon etwas berichten \u00fcber&nbsp;das erste Ger\u00fcst f\u00fcr den Ablauf des gro\u00dfen Beethoventreffens &#8222;der Jugend Europas&#8220; im linksrheinischen Rhein-Siegkreis, zu dem wir am&nbsp;Himmelfahrtswochenende (22.-24.Mai)&nbsp;die &#8222;Philharmonie de Quesnoy&#8220; mit bisher 49 angemeldeten Personen erwarten. Halten Sie sich dieses Wochenende daf\u00fcr frei, es lohnt sich! (\u00dcbrigens suchen wir dringend weitere Gastgeber f\u00fcr zwei \u00dcbernachtungen.)<\/p>\n\n\n\n<p>Au\u00dferdem wird uns Stephan Will mit &#8222;Gedanken zum Tage&#8220; ein bisschen \u00fcber die gegenw\u00e4rtige politische und soziale Situation in Frankreich informieren.&nbsp;<\/p>\n\n\n\n<p>Wir freuen uns auf Sie und auch, wenn Sie weitere Freunde&nbsp; und G\u00e4ste mitbringen!<\/p>\n\n\n\n<p>Zur Weitergabe an sie auch unser Terminkalender im Anhang.<\/p>\n\n\n\n<p>Bis bald&nbsp;<\/p>\n\n\n\n<p>Ihre&nbsp;<\/p>\n\n\n\n<p>Monika Wolf-Umhauer<\/p>\n","protected":false},"excerpt":{"rendered":"<p>Liebe Frankreichfreunde, zum n\u00e4chsten Jour Fixe&nbsp; am Mittwoch, 12.2.2020, 20.00 Uhr\u00a0* in Odendorf \u201ebeim B\u00fcb\u201c Odinstra\u00dfe 17 lade ich herzlich ein. Mittlerweile kann ich schon etwas berichten \u00fcber&nbsp;das erste Ger\u00fcst f\u00fcr den Ablauf des gro\u00dfen Beethoventreffens &#8222;der Jugend Europas&#8220; im linksrheinischen Rhein-Siegkreis, zu dem wir am&nbsp;Himmelfahrtswochenende (22.-24.Mai)&nbsp;die &#8222;Philharmonie de Quesnoy&#8220; mit bisher 49 angemeldeten Personen [&hellip;]<\/p>\n","protected":false},"author":1,"featured_media":0,"comment_status":"open","ping_status":"open","sticky":false,"template":"","format":"standard","meta":{"footnotes":""},"categories":[2],"tags":[],"class_list":["post-1694","post","type-post","status-publish","format-standard","hentry","category-aktivitaeten"],"_links":{"self":[{"href":"https:\/\/swisttal-quesnoy.de\/index.php?rest_route=\/wp\/v2\/posts\/1694","targetHints":{"allow":["GET"]}}],"collection":[{"href":"https:\/\/swisttal-quesnoy.de\/index.php?rest_route=\/wp\/v2\/posts"}],"about":[{"href":"https:\/\/swisttal-quesnoy.de\/index.php?rest_route=\/wp\/v2\/types\/post"}],"author":[{"embeddable":true,"href":"https:\/\/swisttal-quesnoy.de\/index.php?rest_route=\/wp\/v2\/users\/1"}],"replies":[{"embeddable":true,"href":"https:\/\/swisttal-quesnoy.de\/index.php?rest_route=%2Fwp%2Fv2%2Fcomments&post=1694"}],"version-history":[{"count":1,"href":"https:\/\/swisttal-quesnoy.de\/index.php?rest_route=\/wp\/v2\/posts\/1694\/revisions"}],"predecessor-version":[{"id":1696,"href":"https:\/\/swisttal-quesnoy.de\/index.php?rest_route=\/wp\/v2\/posts\/1694\/revisions\/1696"}],"wp:attachment":[{"href":"https:\/\/swisttal-quesnoy.de\/index.php?rest_route=%2Fwp%2Fv2%2Fmedia&parent=1694"}],"wp:term":[{"taxonomy":"category","embeddable":true,"href":"https:\/\/swisttal-quesnoy.de\/index.php?rest_route=%2Fwp%2Fv2%2Fcategories&post=1694"},{"taxonomy":"post_tag","embeddable":true,"href":"https:\/\/swisttal-quesnoy.de\/index.php?rest_route=%2Fwp%2Fv2%2Ftags&post=1694"}],"curies":[{"name":"wp","href":"https:\/\/api.w.org\/{rel}","templated":true}]}}