{"id":1686,"date":"2020-01-03T17:41:12","date_gmt":"2020-01-03T15:41:12","guid":{"rendered":"http:\/\/swisttal-quesnoy.de\/?p=1686"},"modified":"2020-01-03T17:41:13","modified_gmt":"2020-01-03T15:41:13","slug":"einladung-zum-jour-fixe-am-9-1","status":"publish","type":"post","link":"https:\/\/swisttal-quesnoy.de\/?p=1686","title":{"rendered":"Einladung zum Jour Fixe am 9.1."},"content":{"rendered":"\n<p>Liebe Mitglieder und Frankreichfreunde,<\/p>\n\n\n\n<p>gef\u00fchlt gerade erst ist unser gem\u00fctliches Weihnachtsessen ausgeklungen, die Feiertage sind vorbei und Sie sind hoffentlich alle gut ins neue Jahrzehnt \u201egerutscht\u201c \u2013&nbsp;<\/p>\n\n\n\n<p>schon steht unser erster Jour Fixe an.<\/p>\n\n\n\n<p>Ich lade Sie alle herzlich ein nach Buschhoven ins Clubhaus des<\/p>\n\n\n\n<p><strong>Tennisclub Kottenforst (TCK), Wiedring 2A<\/strong><\/p>\n\n\n\n<p><strong><a href=\"x-apple-data-detectors:\/\/0\">am Donnerstag, 9. Januar<\/a><\/strong><\/p>\n\n\n\n<p><strong><a href=\"x-apple-data-detectors:\/\/1\">um 20.00 Uhr<\/a>&nbsp;.<\/strong><\/p>\n\n\n\n<p>Da der P\u00e4chter Bernd Udelhoven eigens f\u00fcr uns \u00f6ffnet, bittet er zur Vorbereitung um Voranmeldung\u00a0bis zum 6.1.\u00a0(Dreik\u00f6nig).<\/p>\n\n\n\n<p>Dann k\u00f6nnen wir gem\u00fctlich und \u201eentre nous\u201c die Pl\u00e4ne f\u00fcr 2020 machen: Ein Ereignis steht bereits fest, das interkommunale \u201eDie Jugend Europas trifft Beethoven 2020\u201c\u00a0am 22.-24. Mai. Aber\u00a0eigentlich wollten uns die franz\u00f6sischen Partner auch zu \u201e30 Jahre St\u00e4dtepartnerschaft\u201c einladen, und\u00a0<em>eigentlich haben<\/em> wir uns in \u00a0den Jubil\u00e4umsjahren immer in beiden Kommunen getroffen &#8230;. Das alles sind \u00dcberlegungen, die nur \u201eim Raum\u201c stehen, und die wir ohne Ihre Mitsprache und Unterst\u00fctzung nicht angehen wollen.<\/p>\n\n\n\n<p>Wir freuen uns also auf eine gro\u00dfe Runde und auf SIE!<\/p>\n\n\n\n<p>Ihre<\/p>\n\n\n\n<p>Monika Wolf-Umhauer<\/p>\n","protected":false},"excerpt":{"rendered":"<p>Liebe Mitglieder und Frankreichfreunde, gef\u00fchlt gerade erst ist unser gem\u00fctliches Weihnachtsessen ausgeklungen, die Feiertage sind vorbei und Sie sind hoffentlich alle gut ins neue Jahrzehnt \u201egerutscht\u201c \u2013&nbsp; schon steht unser erster Jour Fixe an. Ich lade Sie alle herzlich ein nach Buschhoven ins Clubhaus des Tennisclub Kottenforst (TCK), Wiedring 2A am Donnerstag, 9. Januar um [&hellip;]<\/p>\n","protected":false},"author":1,"featured_media":0,"comment_status":"open","ping_status":"open","sticky":false,"template":"","format":"standard","meta":{"footnotes":""},"categories":[1],"tags":[],"class_list":["post-1686","post","type-post","status-publish","format-standard","hentry","category-allgemein"],"_links":{"self":[{"href":"https:\/\/swisttal-quesnoy.de\/index.php?rest_route=\/wp\/v2\/posts\/1686","targetHints":{"allow":["GET"]}}],"collection":[{"href":"https:\/\/swisttal-quesnoy.de\/index.php?rest_route=\/wp\/v2\/posts"}],"about":[{"href":"https:\/\/swisttal-quesnoy.de\/index.php?rest_route=\/wp\/v2\/types\/post"}],"author":[{"embeddable":true,"href":"https:\/\/swisttal-quesnoy.de\/index.php?rest_route=\/wp\/v2\/users\/1"}],"replies":[{"embeddable":true,"href":"https:\/\/swisttal-quesnoy.de\/index.php?rest_route=%2Fwp%2Fv2%2Fcomments&post=1686"}],"version-history":[{"count":1,"href":"https:\/\/swisttal-quesnoy.de\/index.php?rest_route=\/wp\/v2\/posts\/1686\/revisions"}],"predecessor-version":[{"id":1688,"href":"https:\/\/swisttal-quesnoy.de\/index.php?rest_route=\/wp\/v2\/posts\/1686\/revisions\/1688"}],"wp:attachment":[{"href":"https:\/\/swisttal-quesnoy.de\/index.php?rest_route=%2Fwp%2Fv2%2Fmedia&parent=1686"}],"wp:term":[{"taxonomy":"category","embeddable":true,"href":"https:\/\/swisttal-quesnoy.de\/index.php?rest_route=%2Fwp%2Fv2%2Fcategories&post=1686"},{"taxonomy":"post_tag","embeddable":true,"href":"https:\/\/swisttal-quesnoy.de\/index.php?rest_route=%2Fwp%2Fv2%2Ftags&post=1686"}],"curies":[{"name":"wp","href":"https:\/\/api.w.org\/{rel}","templated":true}]}}