{"id":1682,"date":"2019-12-23T09:44:27","date_gmt":"2019-12-23T07:44:27","guid":{"rendered":"http:\/\/swisttal-quesnoy.de\/?p=1682"},"modified":"2019-12-23T09:44:29","modified_gmt":"2019-12-23T07:44:29","slug":"gruesse-zum-jahreswechsel-naechster-jour-fixe","status":"publish","type":"post","link":"https:\/\/swisttal-quesnoy.de\/?p=1682","title":{"rendered":"Gr\u00fc\u00dfe zum Jahreswechsel &#8211; n\u00e4chster Jour Fixe"},"content":{"rendered":"\n<p>Liebe Mitglieder und Frankreichfreunde,<\/p>\n\n\n\n<p>die Zeit rast \u2013 eben noch hielt unser Mitglied Dr. Roland Issler in Buschhoven eine bedenkenswerte Rede zum Volkstrauertag, schon Weihnachtsessen und das Jahr ist fast zu Ende.<\/p>\n\n\n\n<p>Als Verein haben wir uns mehrfach erfolgreich in das Leben der Gemeinde eingebracht, nicht nur mit zwei Weinst\u00e4nden bei den Festen in Odendorf und Buschhoven (danke an alle Aktiven!) sondern vor allem unvergesslich der Auftritt unserer franz\u00f6sischen Freunde beim \u201eSwisttalfest zum 50. Geburtstag\u201c in Ludendorf &#8211; auch hier herzlichen Dank an alle Gastgeber f\u00fcr die engagierte Unterst\u00fctzung!<\/p>\n\n\n\n<p>Und das neue Jahr 2020 wirft organisatorisch schon seine Schatten voraus:&nbsp;<\/p>\n\n\n\n<p><strong>Am 22.-24. Mai<\/strong>\u00a0erwarten wir 40 junge Musiker aus der Partnerstadt zu 250 Jahre BTHVN \u201eBeethoven trifft die Jugend Europas\u201c. Bei dieser Veranstaltung kommen Musiker aus allen linksrheinischen Partnerst\u00e4dten zum gemeinsamen Proben und Konzert zusammen.\u00a0<\/p>\n\n\n\n<p>-&gt;&nbsp;Dazu brauchen wir 40 G\u00e4stebetten in Swisttal!&nbsp;<\/p>\n\n\n\n<p>Bitte helfen Sie mit, dass wir das zum Himmelfahrtswochenende auch schaffen:&nbsp;<\/p>\n\n\n\n<p>Sprechen Sie Freunde und Nachbarn an, dabei zu sein und mitzumachen: F\u00fcr das Tagesprogramm der jungen Leute ist bereits weitgehend gesorgt, und zum Dank werden sie\u00a0am 23.5.\u00a0ein Konzert auch in Swisttal geben.<\/p>\n\n\n\n<p>N\u00e4here Einzelheiten werden Sie nach\u00a0dem 10.1.\u00a0erfahren k\u00f6nnen, wenn wir in einem Gespr\u00e4ch mit der organisierenden Musikschule genauere Details erfahren haben.<\/p>\n\n\n\n<p>Bis dahin w\u00fcnsche ich Ihnen und Ihren Familien auch namens des Vorstands frohe Weihnachtstage, einen guten Start ins neue Jahr und erholsame Ferien<\/p>\n\n\n\n<p>Ihre&nbsp;<\/p>\n\n\n\n<p>Monika Wolf-Umhauer&nbsp;&nbsp;&nbsp;&nbsp;&nbsp;&nbsp;&nbsp; St\u00e9phanie Duhr&nbsp;&nbsp;&nbsp;&nbsp;&nbsp;&nbsp;&nbsp; Udo Schwenecke&nbsp;&nbsp;&nbsp;&nbsp;&nbsp;&nbsp; Stephan Will<\/p>\n\n\n\n<p>->\u00a0Der erste Jour Fixe findet turnusgem\u00e4\u00df\u00a0am\u00a0<strong>9. Januar 2020<\/strong>\u00a0im Tennisclub Kottenforst, Wiedring 2a in \u00a0Buschhoven, statt.\u00a0<\/p>\n","protected":false},"excerpt":{"rendered":"<p>Liebe Mitglieder und Frankreichfreunde, die Zeit rast \u2013 eben noch hielt unser Mitglied Dr. Roland Issler in Buschhoven eine bedenkenswerte Rede zum Volkstrauertag, schon Weihnachtsessen und das Jahr ist fast zu Ende. Als Verein haben wir uns mehrfach erfolgreich in das Leben der Gemeinde eingebracht, nicht nur mit zwei Weinst\u00e4nden bei den Festen in Odendorf [&hellip;]<\/p>\n","protected":false},"author":1,"featured_media":0,"comment_status":"open","ping_status":"open","sticky":false,"template":"","format":"standard","meta":{"footnotes":""},"categories":[2],"tags":[],"class_list":["post-1682","post","type-post","status-publish","format-standard","hentry","category-aktivitaeten"],"_links":{"self":[{"href":"https:\/\/swisttal-quesnoy.de\/index.php?rest_route=\/wp\/v2\/posts\/1682","targetHints":{"allow":["GET"]}}],"collection":[{"href":"https:\/\/swisttal-quesnoy.de\/index.php?rest_route=\/wp\/v2\/posts"}],"about":[{"href":"https:\/\/swisttal-quesnoy.de\/index.php?rest_route=\/wp\/v2\/types\/post"}],"author":[{"embeddable":true,"href":"https:\/\/swisttal-quesnoy.de\/index.php?rest_route=\/wp\/v2\/users\/1"}],"replies":[{"embeddable":true,"href":"https:\/\/swisttal-quesnoy.de\/index.php?rest_route=%2Fwp%2Fv2%2Fcomments&post=1682"}],"version-history":[{"count":1,"href":"https:\/\/swisttal-quesnoy.de\/index.php?rest_route=\/wp\/v2\/posts\/1682\/revisions"}],"predecessor-version":[{"id":1684,"href":"https:\/\/swisttal-quesnoy.de\/index.php?rest_route=\/wp\/v2\/posts\/1682\/revisions\/1684"}],"wp:attachment":[{"href":"https:\/\/swisttal-quesnoy.de\/index.php?rest_route=%2Fwp%2Fv2%2Fmedia&parent=1682"}],"wp:term":[{"taxonomy":"category","embeddable":true,"href":"https:\/\/swisttal-quesnoy.de\/index.php?rest_route=%2Fwp%2Fv2%2Fcategories&post=1682"},{"taxonomy":"post_tag","embeddable":true,"href":"https:\/\/swisttal-quesnoy.de\/index.php?rest_route=%2Fwp%2Fv2%2Ftags&post=1682"}],"curies":[{"name":"wp","href":"https:\/\/api.w.org\/{rel}","templated":true}]}}