{"id":1405,"date":"2019-02-27T19:39:36","date_gmt":"2019-02-27T17:39:36","guid":{"rendered":"http:\/\/swisttal-quesnoy.de\/?p=1405"},"modified":"2019-02-27T19:39:38","modified_gmt":"2019-02-27T17:39:38","slug":"einladung-zum-jour-fixe-am-14-maerz","status":"publish","type":"post","link":"https:\/\/swisttal-quesnoy.de\/?p=1405","title":{"rendered":"Einladung zum Jour Fixe am 14. M\u00e4rz"},"content":{"rendered":"\n<p>Liebe Frankreichfreunde und Mitglieder,<\/p>\n\n\n\n<p>nach dem ausgesprochen erfolgreichen Treffen im Februar bei Weidenbr\u00fcck (sehr lecker, da gehen wir wieder hin!), treffen wir uns im M\u00e4rz wieder bodenst\u00e4ndig<\/p>\n\n\n\n<p style=\"text-align:center\"><strong>am Donnerstag, 14.3. 2019 um 20.00 Uhr * im Alt-Morenhoven Hauptstra\u00dfe Morenhoven.<\/strong><\/p>\n\n\n\n<p>mit dem beliebten \u201eSchnitzel-dich-satt\u201c. (Man kann unter 02226-12220 sein Gericht telefonisch vorbestellen, dann geht es in der kleinen K\u00fcche schneller)<\/p>\n\n\n\n<p>In den n\u00e4chsten Wochen und Monate stehen au\u00dferdem zwei wichtige Termine an, die Sie sich bitte vormerken und gerne auch weiter sagen:<br>Die&nbsp;<strong>Mitgliederversammlung&nbsp;<\/strong>findet am&nbsp;<strong>DIENSTAG 9. April \/ 20.00 Uhr&nbsp;<\/strong>statt.<\/p>\n\n\n\n<p>Da im Mai unser Jour Fixe auf den&nbsp;<strong>\u201eEuropatag\u201c&nbsp;<\/strong>f\u00e4llt und die Europawahlen anstehen, hat sich der Vorstand des Partnerschaftsvereins entschlossen,<\/p>\n\n\n\n<p style=\"text-align:center\"><strong>am Donnerstag, 9. Mai, 20.00 Uhr im Dorfhaus Ludendorf<\/strong>ein&nbsp;<strong>Europapodium<\/strong><\/p>\n\n\n\n<p>zu veranstalten. Die Europakandidaten der im Rat der Gemeinde vertretenen Parteien stehen unter der Moderation von Stephan Will zu einer Diskussion bereit. Hierzu laden wir Sie bereits jetzt herzlich ein und bitten, m\u00f6glichst viele Interessierte mitzubringen.<\/p>\n","protected":false},"excerpt":{"rendered":"<p>Liebe Frankreichfreunde und Mitglieder, nach dem ausgesprochen erfolgreichen Treffen im Februar bei Weidenbr\u00fcck (sehr lecker, da gehen wir wieder hin!), treffen wir uns im M\u00e4rz wieder bodenst\u00e4ndig am Donnerstag, 14.3. 2019 um 20.00 Uhr * im Alt-Morenhoven Hauptstra\u00dfe Morenhoven. mit dem beliebten \u201eSchnitzel-dich-satt\u201c. (Man kann unter 02226-12220 sein Gericht telefonisch vorbestellen, dann geht es in [&hellip;]<\/p>\n","protected":false},"author":1,"featured_media":0,"comment_status":"open","ping_status":"open","sticky":false,"template":"","format":"standard","meta":{"footnotes":""},"categories":[2],"tags":[],"class_list":["post-1405","post","type-post","status-publish","format-standard","hentry","category-aktivitaeten"],"_links":{"self":[{"href":"https:\/\/swisttal-quesnoy.de\/index.php?rest_route=\/wp\/v2\/posts\/1405","targetHints":{"allow":["GET"]}}],"collection":[{"href":"https:\/\/swisttal-quesnoy.de\/index.php?rest_route=\/wp\/v2\/posts"}],"about":[{"href":"https:\/\/swisttal-quesnoy.de\/index.php?rest_route=\/wp\/v2\/types\/post"}],"author":[{"embeddable":true,"href":"https:\/\/swisttal-quesnoy.de\/index.php?rest_route=\/wp\/v2\/users\/1"}],"replies":[{"embeddable":true,"href":"https:\/\/swisttal-quesnoy.de\/index.php?rest_route=%2Fwp%2Fv2%2Fcomments&post=1405"}],"version-history":[{"count":1,"href":"https:\/\/swisttal-quesnoy.de\/index.php?rest_route=\/wp\/v2\/posts\/1405\/revisions"}],"predecessor-version":[{"id":1407,"href":"https:\/\/swisttal-quesnoy.de\/index.php?rest_route=\/wp\/v2\/posts\/1405\/revisions\/1407"}],"wp:attachment":[{"href":"https:\/\/swisttal-quesnoy.de\/index.php?rest_route=%2Fwp%2Fv2%2Fmedia&parent=1405"}],"wp:term":[{"taxonomy":"category","embeddable":true,"href":"https:\/\/swisttal-quesnoy.de\/index.php?rest_route=%2Fwp%2Fv2%2Fcategories&post=1405"},{"taxonomy":"post_tag","embeddable":true,"href":"https:\/\/swisttal-quesnoy.de\/index.php?rest_route=%2Fwp%2Fv2%2Ftags&post=1405"}],"curies":[{"name":"wp","href":"https:\/\/api.w.org\/{rel}","templated":true}]}}