{"id":1108,"date":"2018-04-18T14:52:00","date_gmt":"2018-04-18T12:52:00","guid":{"rendered":"http:\/\/swisttal-quesnoy.de\/?p=1108"},"modified":"2018-04-18T14:52:00","modified_gmt":"2018-04-18T12:52:00","slug":"vorstandswahl-und-friedensfest-in-quesnoy","status":"publish","type":"post","link":"https:\/\/swisttal-quesnoy.de\/?p=1108","title":{"rendered":"Vorstandswahl und Friedensfest in Quesnoy"},"content":{"rendered":"<p>Sehr geehrte Damen und Herren,<\/p>\n<p>der Partnerschaftsverein l\u00e4dt ein zu seiner<\/p>\n<p style=\"text-align: center;\"><strong>Mitgliederversammlung<\/strong><\/p>\n<p style=\"text-align: center;\"><strong>am DIENSTAG, 24. April 2018<\/strong><\/p>\n<p style=\"text-align: center;\"><strong>um 20.00 Uhr<\/strong><\/p>\n<p style=\"text-align: center;\"><strong>\u201ebeim B\u00fcb\u201c in Swisttal-Odendorf.<\/strong><\/p>\n<p>Nach den Jahresberichten des Vorstands wird der Vorstand neu gew\u00e4hlt.<\/p>\n<p>Besonderes Augenmerk des Abends gilt aber auch der gemeinsamen Jahresplanung: Erstmals wurden die Swisttaler eingeladen, an den offiziellen Feierlichkeiten des \u201eFriedensfestes\u201c in der Partnerstadt Quesnoy-sur-De\u00fble teilzunehmen, die in ganz Frankreich traditionell als am 11.11. begangen werden.\u00a0 In diesem Jahr 2018 wird der 100. Jahrestag \u201eEnde des ersten Weltkriegs 1918\u201c gro\u00df gefeiert, und die Swisttaler d\u00fcrfen es als gro\u00dfe Ehre ansehen, dazu als Freunde eingeladen zu sein.<\/p>\n<p>Zur Vorbereitung dieser Reise werden auch Interessenten an einer Mitarbeit als Beisitzer im Vorstand gesucht, da der Vorstand die Arbeit bei den Partnerschaftsbesuchen auf mehrere Schultern verteilen m\u00f6chte.<\/p>\n<p>Wir bitten um Ver\u00f6ffentlichung der Einladung, bitte zus\u00e4tzlich auch in Ihrem Tageskalender und w\u00fcrden uns auch \u00fcber Ihren Besuch bzw. den Ihrer MitarbeiterInnen freuen.<\/p>\n","protected":false},"excerpt":{"rendered":"<p>Sehr geehrte Damen und Herren, der Partnerschaftsverein l\u00e4dt ein zu seiner Mitgliederversammlung am DIENSTAG, 24. April 2018 um 20.00 Uhr \u201ebeim B\u00fcb\u201c in Swisttal-Odendorf. Nach den Jahresberichten des Vorstands wird der Vorstand neu gew\u00e4hlt. Besonderes Augenmerk des Abends gilt aber auch der gemeinsamen Jahresplanung: Erstmals wurden die Swisttaler eingeladen, an den offiziellen Feierlichkeiten des \u201eFriedensfestes\u201c [&hellip;]<\/p>\n","protected":false},"author":1,"featured_media":0,"comment_status":"open","ping_status":"open","sticky":false,"template":"","format":"standard","meta":{"footnotes":""},"categories":[1],"tags":[],"class_list":["post-1108","post","type-post","status-publish","format-standard","hentry","category-allgemein"],"_links":{"self":[{"href":"https:\/\/swisttal-quesnoy.de\/index.php?rest_route=\/wp\/v2\/posts\/1108","targetHints":{"allow":["GET"]}}],"collection":[{"href":"https:\/\/swisttal-quesnoy.de\/index.php?rest_route=\/wp\/v2\/posts"}],"about":[{"href":"https:\/\/swisttal-quesnoy.de\/index.php?rest_route=\/wp\/v2\/types\/post"}],"author":[{"embeddable":true,"href":"https:\/\/swisttal-quesnoy.de\/index.php?rest_route=\/wp\/v2\/users\/1"}],"replies":[{"embeddable":true,"href":"https:\/\/swisttal-quesnoy.de\/index.php?rest_route=%2Fwp%2Fv2%2Fcomments&post=1108"}],"version-history":[{"count":1,"href":"https:\/\/swisttal-quesnoy.de\/index.php?rest_route=\/wp\/v2\/posts\/1108\/revisions"}],"predecessor-version":[{"id":1109,"href":"https:\/\/swisttal-quesnoy.de\/index.php?rest_route=\/wp\/v2\/posts\/1108\/revisions\/1109"}],"wp:attachment":[{"href":"https:\/\/swisttal-quesnoy.de\/index.php?rest_route=%2Fwp%2Fv2%2Fmedia&parent=1108"}],"wp:term":[{"taxonomy":"category","embeddable":true,"href":"https:\/\/swisttal-quesnoy.de\/index.php?rest_route=%2Fwp%2Fv2%2Fcategories&post=1108"},{"taxonomy":"post_tag","embeddable":true,"href":"https:\/\/swisttal-quesnoy.de\/index.php?rest_route=%2Fwp%2Fv2%2Ftags&post=1108"}],"curies":[{"name":"wp","href":"https:\/\/api.w.org\/{rel}","templated":true}]}}